{"id":26316,"date":"2018-09-11T17:46:02","date_gmt":"2018-09-11T20:46:02","guid":{"rendered":"http:\/\/anprotec.org.br\/site\/?p=26316"},"modified":"2018-09-11T17:46:02","modified_gmt":"2018-09-11T20:46:02","slug":"resultado-da-chamada-de-trabalhos-para-conferencia-anprotec-ja-esta-disponivel","status":"publish","type":"post","link":"https:\/\/anprotec.org.br\/site\/2018\/09\/resultado-da-chamada-de-trabalhos-para-conferencia-anprotec-ja-esta-disponivel\/","title":{"rendered":"Resultado da Chamada de Trabalhos para a Confer\u00eancia Anprotec j\u00e1 est\u00e1 dispon\u00edvel"},"content":{"rendered":"<p style=\"text-align: justify\">O resultado da Chamada de Trabalhos para a Confer\u00eancia Anprotec 2018 j\u00e1 est\u00e1 no ar. Todos os trabalhos enviados foram criteriosamente analisados e passaram por um filtro de tr\u00eas etapas, sendo elas, envio do resumo, envio do texto completo, e entrega do trabalho final corrigido.<\/p>\n<p style=\"text-align: justify\">Os trabalhos selecionados ser\u00e3o apresentados nas Sess\u00f5es T\u00e9cnicas Paralelas, durante a Confer\u00eancia. Os autores dos melhores trabalhos, que ser\u00e3o avaliados pelo Comit\u00ea Cient\u00edfico e pelo p\u00fablico ap\u00f3s a apresenta\u00e7\u00e3o, ser\u00e3o premiados com cr\u00e9ditos de R$ 2 mil e R$ 1,5 mil em cursos e eventos promovidos pela Anprotec.<\/p>\n<p style=\"text-align: justify\">Confira a lista dos aprovados abaixo.<\/p>\n<p style=\"text-align: justify\">O dia, hor\u00e1rio, e sala em que eles ser\u00e3o apresentados, assim como a programa\u00e7\u00e3o completa da Confer\u00eancia Anprotec 2018 est\u00e3o no <a href=\"http:\/\/conferenciaanprotec.com.br\/programacao\/\" target=\"_blank\" rel=\"noopener\">site oficial do evento<\/a>.<\/p>\n<p><strong>Sess\u00e3o T\u00e9cnica Paralela 01<\/strong><\/p>\n<table>\n<tbody>\n<tr>\n<td width=\"236\"><strong>T\u00edtulo do trabalho<\/strong><\/td>\n<td width=\"106\"><strong>Autor principal<\/strong><\/td>\n<td width=\"117\"><strong>Co-autores<\/strong><\/td>\n<\/tr>\n<tr>\n<td width=\"236\">Utiliza\u00e7\u00e3o de Plataforma de indicadores para acompanhamento e avalia\u00e7\u00e3o de maturidade de empresas incubadas<\/td>\n<td width=\"106\">Daniele Pereira Linhares<\/td>\n<td width=\"117\">Juc\u00e9lia Maria Lopes Maia Roberto\/Nat\u00e1lia Michele Ferreira<\/td>\n<\/tr>\n<tr>\n<td width=\"236\">Fatores Cr\u00edticos de Sucesso no Desenvolvimento de Novos Produtos (DNP) em empresas incubadas do Agroneg\u00f3cio<\/td>\n<td width=\"106\">Ana L\u00facia Brenner Barreto Miranda<\/td>\n<td width=\"117\">Bruna Freire Oliveira\/Cristine Hermann Nodari<\/td>\n<\/tr>\n<tr>\n<td width=\"236\">Aplica\u00e7\u00e3o da Filosfia Lean Farming na Dinamarca e a Compara\u00e7\u00e3o com a Agropeuc\u00e1ria de Pequeno Porte Brasileira<\/td>\n<td width=\"106\">Breno Silva Rodrigues<\/td>\n<td width=\"117\">Marcos Stewart Ferraz Pamplona\/Carlos Henrique Leclerc de Oliveira<\/td>\n<\/tr>\n<tr>\n<td width=\"236\">A Din\u00e2mica da inova\u00e7\u00e3o no estado de Tocantins e a emergente necessidade de Governan\u00e7a<\/td>\n<td width=\"106\">Kleber Abreu Sousa<\/td>\n<td width=\"117\"><\/td>\n<\/tr>\n<tr>\n<td width=\"236\">Evolu\u00e7\u00e3o das startups da \u00e1rea do agroneg\u00f3cio incubadoras na Pulsar<\/td>\n<td width=\"106\">Bruno da Silva Leal<\/td>\n<td width=\"117\">Silon Junior Procath da Silva\/Julio Cezar Mairesse Siluk\/Gustavo Ritter Parcianello<\/td>\n<\/tr>\n<\/tbody>\n<\/table>\n<p>&nbsp;<\/p>\n<p><strong>Sess\u00e3o T\u00e9cnica Paralela 02<\/strong><\/p>\n<table>\n<tbody>\n<tr>\n<td width=\"245\"><strong>T\u00edtulo do trabalho<\/strong><\/td>\n<td width=\"109\"><strong>Autor principal<\/strong><\/td>\n<td width=\"115\"><strong>Co-autores<\/strong><\/td>\n<\/tr>\n<tr>\n<td width=\"245\">N\u00f3s Precisamos Modernizar, Uai! Inser\u00e7\u00e3o de novas tecnologias no campo.<\/td>\n<td width=\"109\">Juliana de Oliveira Becheri Souza<\/td>\n<td width=\"115\">Alexandre Franco de Magalh\u00e3es<\/td>\n<\/tr>\n<tr>\n<td width=\"245\">Inova\u00e7\u00e3o e Tradi\u00e7\u00e3o na Agricultura Familiar: Ativos Culturais como Gerador de Renda e Desenvolvimento<\/td>\n<td width=\"109\">Patricia de Oliveira Areas<\/td>\n<td width=\"115\">Andr\u00e9a Tamanine\/Luana de Carvalho Silva Gusso\/Felipe Borborema Cunha Lima e Ana Carolina Vavassori de Freitas Wonspeher<\/td>\n<\/tr>\n<tr>\n<td width=\"245\">Melhorias na gest\u00e3o da propriedade rural: uma atualiza\u00e7\u00e3o do caso da bacia leiteira oeste Goiano frente ao cen\u00e1rio contempor\u00e2neo<\/td>\n<td width=\"109\">Wilda Soares Lemos<\/td>\n<td width=\"115\">Alcido Elenor Wander<\/td>\n<\/tr>\n<tr>\n<td width=\"245\">Expans\u00e3o e Concentra\u00e7\u00e3o espacial no Setor Sucroenerg\u00e9tico do Brasil<\/td>\n<td width=\"109\">Andr\u00e9 Da Cunha Bastos<\/td>\n<td width=\"115\">Mirian Rumenos Piedade Bacchi<\/td>\n<\/tr>\n<tr>\n<td width=\"245\">Do Laborat\u00f3rio ao Mercado Internacional: O Caso da Startup Rizoflora residente do Parque Tecnol\u00f3gico de Vi\u00e7osa<\/td>\n<td width=\"109\">Francylara Miranda Castro<\/td>\n<td width=\"115\">Juliana Martins Medina\/Luana Virg\u00ednia Souza\/Luisa Lentini Candido Batista\/Rodrigo Garcia Vilela<\/p>\n<p>&nbsp;<\/p>\n<p>&nbsp;<\/td>\n<\/tr>\n<\/tbody>\n<\/table>\n<p>&nbsp;<\/p>\n<p><strong>Sess\u00e3o T\u00e9cnica Paralela 03<\/strong><\/p>\n<table>\n<tbody>\n<tr>\n<td width=\"248\"><strong>T\u00edtulo do trabalho<\/strong><\/td>\n<td width=\"110\"><strong>Autor principal<\/strong><\/td>\n<td width=\"114\"><strong>Co-autores<\/strong><\/td>\n<\/tr>\n<tr>\n<td width=\"248\">Percep\u00e7\u00e3o da Comunidade Acad\u00eamica Perante o Empreendedorismo na Universidade Federal de Vi\u00e7osa<\/td>\n<td width=\"110\">Alan Santos Magalh\u00e3es<\/td>\n<td width=\"114\">Luiza Carvalho Nogueira\/Maria Eduarda Oliveira Miranda\/Nat\u00e1lia Michelle Ferreira\/Juc\u00e9lia Maria Lopes Maia Roberto<\/td>\n<\/tr>\n<tr>\n<td width=\"248\">H\u00e9lice Tr\u00edplice e a Universidade Empreendedora: Empreendedorismo Acad\u00eamico no IFRJ \u2013 Campos Engenheiro Paulo de Frontin<\/td>\n<td width=\"110\">Juliano dos Santos Moreira<\/td>\n<td width=\"114\">Thiago Borges Renaut<\/td>\n<\/tr>\n<tr>\n<td width=\"248\">Proposi\u00e7\u00e3o de Solu\u00e7\u00f5es Inovadoras em Agricultura: a Experi\u00eancia de Hackathon na Embrapa Inform\u00e1tica Agropecu\u00e1ria<\/td>\n<td width=\"110\">Luciana Alvim Santos Romani<\/td>\n<td width=\"114\">Martha Delfino Bambini\/Joice Machado Bariani\/Guiomar Alessandra de Souza Telles<\/td>\n<\/tr>\n<tr>\n<td width=\"248\">Solu\u00e7\u00f5es Tecnol\u00f3gicas para solucionar problemas em agricultura: O caso do Desafio de inova\u00e7\u00e3o do Congresso Brasileiro de Agroinform\u00e1tica<\/td>\n<td width=\"110\">Debora Pignatari Drucker<\/td>\n<td width=\"114\">Virg\u00ednia Duarte\/Luciana Alvim Santos Romani<\/td>\n<\/tr>\n<tr>\n<td width=\"248\">Inova\u00e7\u00e3o na Raiz \u2013 Mecanismos de Apoio e Financiamento de uma empresas de base tecnol\u00f3gica nascida na Universidade<\/td>\n<td width=\"110\">Elimar Pires Vasconcellos<\/td>\n<td width=\"114\">Artur Tavares Vilas Boas Ribeiro\/ Arthur Ara\u00fajo<\/p>\n<p>&nbsp;<\/p>\n<p>&nbsp;<\/td>\n<\/tr>\n<\/tbody>\n<\/table>\n<p><strong>\u00a0<\/strong><\/p>\n<p><strong>Sess\u00e3o T\u00e9cnica Paralela 04<\/strong><\/p>\n<table>\n<tbody>\n<tr>\n<td width=\"233\"><strong>T\u00edtulo do trabalho<\/strong><\/td>\n<td width=\"106\"><strong>Autor principal<\/strong><\/td>\n<td width=\"130\"><strong>Co-autores<\/strong><\/td>\n<\/tr>\n<tr>\n<td width=\"233\">Modelo de Gest\u00e3o de Monitoramento de desempenho de organiza\u00e7\u00e3o de pesquisa tecnol\u00f3gica orientada para o setor de latic\u00ednios.<\/td>\n<td width=\"106\">Roberta Medeiros de Souza<\/td>\n<td width=\"130\">Jos\u00e9 Geraldo Pimentel Neto\/Nelson da Cruz Monteiro Fernandes\/Antonio Vaz de Albuquerque Cavalcanti<\/td>\n<\/tr>\n<tr>\n<td width=\"233\">Inova\u00e7\u00e3o, Tecnologia e APL: Novas Ferramentas de Gest\u00e3o no Desenvolvimento do Setor de Latic\u00ednios do Agreste de Pernambuco<\/td>\n<td width=\"106\">Ederson Rodrigues de Melo<\/td>\n<td width=\"130\">Luciene Cristina de Souza\/Daniella Jandy de Souza Barreto<\/td>\n<\/tr>\n<tr>\n<td width=\"233\">A Fabrica\u00e7\u00e3o Digital e seu Impacto Disruptico em favor do Agroneg\u00f3cio: Laborat\u00f3rio de idea\u00e7\u00e3o e FAB LAB Inatel no Contexto do Ecossistema Empreendedor do Vale da Eletr\u00f4nica<\/td>\n<td width=\"106\">Raphael Cardoso Mota Pereira<\/td>\n<td width=\"130\">Eduardo Esteves Zanin\/ T\u00e2nia Maria da Costa\u00a0 Rog\u00e9rio Abranches da Silva<\/td>\n<\/tr>\n<tr>\n<td width=\"233\">As Estrat\u00e9gicas dos Stalkeholders sob a \u00f3tica da Inova\u00e7\u00e3o no Ecossistema de Inova\u00e7\u00e3o do Estado de SC<\/td>\n<td width=\"106\">Fabiane Tubino Garcia<\/td>\n<td width=\"130\">Anfela de Moura Ferreira Danilevicz \/Carla Schwengber Tem Caten\/Thiago Silva Broze<\/td>\n<\/tr>\n<tr>\n<td width=\"233\">Atua\u00e7\u00e3o dos N\u00facleos de Inova\u00e7\u00e3o Tecnol\u00f3gica como apoio ao Desenvolvimento de Solu\u00e7\u00f5es Tecnol\u00f3gicas para o Agroneg\u00f3cio<\/td>\n<td width=\"106\">Jones Augusto Boeck<\/td>\n<td width=\"130\">Gisele Tezza<\/p>\n<p>&nbsp;<\/td>\n<\/tr>\n<\/tbody>\n<\/table>\n<p>&nbsp;<\/p>\n<p style=\"text-align: justify\"><strong>Sobre a Confer\u00eancia Anprotec<\/strong><\/p>\n<p style=\"text-align: justify\">A Confer\u00eancia Anprotec de Empreendedorismo e Ambientes de Inova\u00e7\u00e3o se destaca como o maior evento de empreendedorismo inovador da Am\u00e9rica Latina. Realizado pela Anprotec e pelo SEBRAE, neste ano o encontro acontece na cidade de Goi\u00e2nia, capital do Estado de Goi\u00e1s, entre os dias 17 e 20 de setembro, com o tema Agro: Neg\u00f3cio, Tecnologia e Inova\u00e7\u00e3o.<\/p>\n<p style=\"text-align: justify\">Com organiza\u00e7\u00e3o local da Secretaria de Estado de Desenvolvimento Econ\u00f4mico, Cient\u00edfico e Tecnol\u00f3gico e de Agricultura, Pecu\u00e1ria e Irriga\u00e7\u00e3o (SED), do Governo do Estado de Goi\u00e1s, o evento ir\u00e1 debater sobre tecnologia, inova\u00e7\u00e3o e empreendedorismo no agroneg\u00f3cio.<\/p>\n<p style=\"text-align: justify\">Na programa\u00e7\u00e3o est\u00e3o previstas plen\u00e1rias, sess\u00f5es paralelas e t\u00e9cnicas, e workshops.<\/p>\n<p style=\"text-align: justify\">Saiba mais em <a href=\"conferenciaanprotec.com.br\" target=\"_blank\" rel=\"noopener\">conferenciaanprotec.com.br<\/a> e inscreva-se!<\/p>\n<p><img decoding=\"async\" loading=\"lazy\" class=\"aligncenter  wp-image-26320\" src=\"https:\/\/anprotec.org.br\/site\/wp-content\/uploads\/2018\/09\/aaaaaaaaaaaaaaaaaaaaas.jpg\" alt=\"\" width=\"705\" height=\"497\" srcset=\"https:\/\/anprotec.org.br\/site\/wp-content\/uploads\/2018\/09\/aaaaaaaaaaaaaaaaaaaaas.jpg 801w, https:\/\/anprotec.org.br\/site\/wp-content\/uploads\/2018\/09\/aaaaaaaaaaaaaaaaaaaaas-300x212.jpg 300w, https:\/\/anprotec.org.br\/site\/wp-content\/uploads\/2018\/09\/aaaaaaaaaaaaaaaaaaaaas-768x542.jpg 768w, https:\/\/anprotec.org.br\/site\/wp-content\/uploads\/2018\/09\/aaaaaaaaaaaaaaaaaaaaas-207x146.jpg 207w, https:\/\/anprotec.org.br\/site\/wp-content\/uploads\/2018\/09\/aaaaaaaaaaaaaaaaaaaaas-50x35.jpg 50w, https:\/\/anprotec.org.br\/site\/wp-content\/uploads\/2018\/09\/aaaaaaaaaaaaaaaaaaaaas-106x75.jpg 106w\" sizes=\"(max-width: 705px) 100vw, 705px\" \/><\/p>\n","protected":false},"excerpt":{"rendered":"<p>O resultado da Chamada de Trabalhos para a Confer\u00eancia Anprotec<span class=\"excerpt-hellip\"> [\u2026]<\/span><\/p>\n","protected":false},"author":10,"featured_media":26318,"comment_status":"closed","ping_status":"closed","sticky":false,"template":"","format":"standard","meta":{"footnotes":"","_links_to":"","_links_to_target":""},"categories":[3],"tags":[],"calendar":[],"_links":{"self":[{"href":"https:\/\/anprotec.org.br\/site\/wp-json\/wp\/v2\/posts\/26316"}],"collection":[{"href":"https:\/\/anprotec.org.br\/site\/wp-json\/wp\/v2\/posts"}],"about":[{"href":"https:\/\/anprotec.org.br\/site\/wp-json\/wp\/v2\/types\/post"}],"author":[{"embeddable":true,"href":"https:\/\/anprotec.org.br\/site\/wp-json\/wp\/v2\/users\/10"}],"replies":[{"embeddable":true,"href":"https:\/\/anprotec.org.br\/site\/wp-json\/wp\/v2\/comments?post=26316"}],"version-history":[{"count":3,"href":"https:\/\/anprotec.org.br\/site\/wp-json\/wp\/v2\/posts\/26316\/revisions"}],"predecessor-version":[{"id":26322,"href":"https:\/\/anprotec.org.br\/site\/wp-json\/wp\/v2\/posts\/26316\/revisions\/26322"}],"wp:featuredmedia":[{"embeddable":true,"href":"https:\/\/anprotec.org.br\/site\/wp-json\/wp\/v2\/media\/26318"}],"wp:attachment":[{"href":"https:\/\/anprotec.org.br\/site\/wp-json\/wp\/v2\/media?parent=26316"}],"wp:term":[{"taxonomy":"category","embeddable":true,"href":"https:\/\/anprotec.org.br\/site\/wp-json\/wp\/v2\/categories?post=26316"},{"taxonomy":"post_tag","embeddable":true,"href":"https:\/\/anprotec.org.br\/site\/wp-json\/wp\/v2\/tags?post=26316"},{"taxonomy":"calendar","embeddable":true,"href":"https:\/\/anprotec.org.br\/site\/wp-json\/wp\/v2\/calendar?post=26316"}],"curies":[{"name":"wp","href":"https:\/\/api.w.org\/{rel}","templated":true}]}}