{"id":26221,"date":"2018-09-03T12:41:05","date_gmt":"2018-09-03T15:41:05","guid":{"rendered":"http:\/\/anprotec.org.br\/site\/?p=26221"},"modified":"2018-09-03T12:41:05","modified_gmt":"2018-09-03T15:41:05","slug":"diretor-do-iles-ulbra-faz-chamada-para-28a-conferencia-anprotec","status":"publish","type":"post","link":"https:\/\/anprotec.org.br\/site\/2018\/09\/diretor-do-iles-ulbra-faz-chamada-para-28a-conferencia-anprotec\/","title":{"rendered":"Diretor do ILES\/ULBRA faz chamada para 28\u00aa Confer\u00eancia Anprotec"},"content":{"rendered":"<p style=\"text-align: justify\"><a href=\"https:\/\/anprotec.org.br\/site\/wp-content\/uploads\/2018\/09\/anprotec-1.bmp\"><img decoding=\"async\" loading=\"lazy\" class=\" wp-image-26223 alignleft\" src=\"https:\/\/anprotec.org.br\/site\/wp-content\/uploads\/2018\/09\/anprotec-1.bmp\" alt=\"\" width=\"304\" height=\"193\" \/><\/a>O Diretor do Instituto Luterano de Ensino Superior de Itumbiara, Jeferson Andr\u00e9, falou sobre a Confer\u00eancia Anprotec 2018, que acontece na cidade de Goi\u00e2nia-GO, de 17 a 20 de setembro.<\/p>\n<p style=\"text-align: justify\">\u00a0No v\u00eddeo, Jeferson Andr\u00e9 comenta sobre a troca de experi\u00eancias e cria\u00e7\u00e3o de networking que a Confer\u00eancia proporcionar\u00e1 com a reuni\u00e3o de universidades, empresa e institui\u00e7\u00f5es inovadoras, al\u00e9m da presen\u00e7a do Sebrae e da Secret\u00e1ria de Desenvolvimento do Estado de Goi\u00e1s.<\/p>\n<p style=\"text-align: justify\">\u201cSer\u00e1 uma grande oportunidade de intera\u00e7\u00e3o para promovermos toda a ambienta\u00e7\u00e3o de inova\u00e7\u00e3o e tecnologia para o Brasil e, especificamente, para o estado de Goi\u00e1s\u201d, ressaltou Jeferson Andr\u00e9.<\/p>\n<p style=\"text-align: justify\"><a href=\"https:\/\/www.youtube.com\/watch?time_continue=1&amp;v=UFqhJXwtqBU\" target=\"_blank\" rel=\"noopener\">Clique aqui<\/a> e assista o v\u00eddeo na \u00edntegra.<\/p>\n<p style=\"text-align: justify\"><strong>Sobre a Confer\u00eancia Anprotec<\/strong><\/p>\n<p style=\"text-align: justify\">A Confer\u00eancia Anprotec de Empreendedorismo e Ambientes de Inova\u00e7\u00e3o se destaca como o maior evento de empreendedorismo inovador da Am\u00e9rica Latina. Realizado pela Anprotec e pelo SEBRAE, neste ano o encontro acontece na cidade de Goi\u00e2nia, capital do Estado de Goi\u00e1s, entre os dias 17 e 20 de setembro, com o tema Agro: Neg\u00f3cio, Tecnologia e Inova\u00e7\u00e3o.<\/p>\n<p style=\"text-align: justify\">Com organiza\u00e7\u00e3o local da Secretaria de Estado de Desenvolvimento Econ\u00f4mico, Cient\u00edfico e Tecnol\u00f3gico e de Agricultura, Pecu\u00e1ria e Irriga\u00e7\u00e3o (SED), do Governo do Estado de Goi\u00e1s, o evento ir\u00e1 debater sobre tecnologia, inova\u00e7\u00e3o e empreendedorismo no agroneg\u00f3cio.<\/p>\n<p style=\"text-align: justify\">Na programa\u00e7\u00e3o est\u00e3o previstas plen\u00e1rias, sess\u00f5es paralelas e t\u00e9cnicas, e workshops.<\/p>\n<p style=\"text-align: justify\">Confira a programa\u00e7\u00e3o completa em\u00a0<a href=\"http:\/\/conferenciaanprotec.com.br\/\" target=\"_blank\" rel=\"noopener\">conferenciaanprotec.com.br\u00a0<\/a>e inscreva-se!<\/p>\n","protected":false},"excerpt":{"rendered":"<p>O Diretor do Instituto Luterano de Ensino Superior de Itumbiara,<span class=\"excerpt-hellip\"> [\u2026]<\/span><\/p>\n","protected":false},"author":10,"featured_media":26222,"comment_status":"closed","ping_status":"closed","sticky":false,"template":"","format":"standard","meta":{"footnotes":"","_links_to":"","_links_to_target":""},"categories":[3],"tags":[],"calendar":[],"_links":{"self":[{"href":"https:\/\/anprotec.org.br\/site\/wp-json\/wp\/v2\/posts\/26221"}],"collection":[{"href":"https:\/\/anprotec.org.br\/site\/wp-json\/wp\/v2\/posts"}],"about":[{"href":"https:\/\/anprotec.org.br\/site\/wp-json\/wp\/v2\/types\/post"}],"author":[{"embeddable":true,"href":"https:\/\/anprotec.org.br\/site\/wp-json\/wp\/v2\/users\/10"}],"replies":[{"embeddable":true,"href":"https:\/\/anprotec.org.br\/site\/wp-json\/wp\/v2\/comments?post=26221"}],"version-history":[{"count":2,"href":"https:\/\/anprotec.org.br\/site\/wp-json\/wp\/v2\/posts\/26221\/revisions"}],"predecessor-version":[{"id":26226,"href":"https:\/\/anprotec.org.br\/site\/wp-json\/wp\/v2\/posts\/26221\/revisions\/26226"}],"wp:featuredmedia":[{"embeddable":true,"href":"https:\/\/anprotec.org.br\/site\/wp-json\/wp\/v2\/media\/26222"}],"wp:attachment":[{"href":"https:\/\/anprotec.org.br\/site\/wp-json\/wp\/v2\/media?parent=26221"}],"wp:term":[{"taxonomy":"category","embeddable":true,"href":"https:\/\/anprotec.org.br\/site\/wp-json\/wp\/v2\/categories?post=26221"},{"taxonomy":"post_tag","embeddable":true,"href":"https:\/\/anprotec.org.br\/site\/wp-json\/wp\/v2\/tags?post=26221"},{"taxonomy":"calendar","embeddable":true,"href":"https:\/\/anprotec.org.br\/site\/wp-json\/wp\/v2\/calendar?post=26221"}],"curies":[{"name":"wp","href":"https:\/\/api.w.org\/{rel}","templated":true}]}}