{"id":26217,"date":"2018-09-03T12:26:39","date_gmt":"2018-09-03T15:26:39","guid":{"rendered":"http:\/\/anprotec.org.br\/site\/?p=26217"},"modified":"2018-09-03T12:26:39","modified_gmt":"2018-09-03T15:26:39","slug":"sessao-plenaria-apresenta-cases-de-sucesso-em-agritech-durante-conferencia-anprotec","status":"publish","type":"post","link":"https:\/\/anprotec.org.br\/site\/2018\/09\/sessao-plenaria-apresenta-cases-de-sucesso-em-agritech-durante-conferencia-anprotec\/","title":{"rendered":"Sess\u00e3o Plen\u00e1ria apresenta Cases de Sucesso em Agritech durante a Confer\u00eancia Anprotec"},"content":{"rendered":"<p style=\"text-align: justify\">Nesse m\u00eas de setembro, durante o terceiro dia da Confer\u00eancia Anprotec, que acontece de 17 a 20, na cidade de Goi\u00e2nia &#8211; GO, ser\u00e1 realizada a sess\u00e3o plen\u00e1ria \u201cAprendendo com Cases de Sucesso em Agritech, que mostrar\u00e1 exemplos do que est\u00e1 sendo feito na \u00e1rea de tecnologia e inova\u00e7\u00e3o para o agroneg\u00f3cio, com exemplos de diferentes atores do ecossistema de inova\u00e7\u00e3o, como incubadora, investidor e startup.<\/p>\n<p style=\"text-align: justify\">Dentre os palestrantes est\u00e3o Diego Silva Siqueira, gestor de novos modelos de neg\u00f3cio na Incubadora de Empresas InovaJab; Francisco Jardim, s\u00f3cio fundador da SP Ventures; e Esthevan Gasparoto, CEO da Treevia Forest Technologies.<\/p>\n<p style=\"text-align: justify\">Eles ir\u00e3o compartilhar suas experi\u00eancias, al\u00e9m de apresentar casos que contribu\u00edram para o setor e podem servir de aprendizado e inspira\u00e7\u00e3o.<\/p>\n<p style=\"text-align: justify\">Confira a programa\u00e7\u00e3o completa <a href=\"http:\/\/conferenciaanprotec.com.br\/programacao\/?utm_campaign=descubra_como_a_tecnologia_pode_agregar_valor_a_agricultura_participe_da_conferencia_anprotec_-_plenaria_1_-_duplicado&amp;utm_medium=email&amp;utm_source=RD+Station#tab-id-3\" target=\"_blank\" rel=\"noopener\">aqui<\/a>, e se inscreva!<\/p>\n<p style=\"text-align: justify\"><strong>Sobre a Confer\u00eancia Anprotec<\/strong><\/p>\n<p style=\"text-align: justify\">A Confer\u00eancia Anprotec de Empreendedorismo e Ambientes de Inova\u00e7\u00e3o se destaca como o maior evento de empreendedorismo inovador da Am\u00e9rica Latina. Realizado pela Anprotec e pelo SEBRAE, neste ano o encontro acontece na cidade de Goi\u00e2nia, capital do Estado de Goi\u00e1s, entre os dias 17 e 20 de setembro, com o tema Agro: Neg\u00f3cio, Tecnologia e Inova\u00e7\u00e3o.<\/p>\n<p style=\"text-align: justify\">Com organiza\u00e7\u00e3o local da Secretaria de Estado de Desenvolvimento Econ\u00f4mico, Cient\u00edfico e Tecnol\u00f3gico e de Agricultura, Pecu\u00e1ria e Irriga\u00e7\u00e3o (SED), do Governo do Estado de Goi\u00e1s, o evento ir\u00e1 debater sobre tecnologia, inova\u00e7\u00e3o e empreendedorismo no agroneg\u00f3cio.<\/p>\n<p style=\"text-align: justify\">Na programa\u00e7\u00e3o est\u00e3o previstas plen\u00e1rias, sess\u00f5es paralelas e t\u00e9cnicas, e workshops.<\/p>\n<p style=\"text-align: justify\">Confira a programa\u00e7\u00e3o completa em <a href=\"conferenciaanprotec.com.br\" target=\"_blank\" rel=\"noopener\">conferenciaanprotec.com.br<\/a> e inscreva-se!<\/p>\n<p><img decoding=\"async\" loading=\"lazy\" class=\"aligncenter  wp-image-26219\" src=\"https:\/\/anprotec.org.br\/site\/wp-content\/uploads\/2018\/09\/emailmkt.png\" alt=\"\" width=\"492\" height=\"1038\" srcset=\"https:\/\/anprotec.org.br\/site\/wp-content\/uploads\/2018\/09\/emailmkt.png 600w, https:\/\/anprotec.org.br\/site\/wp-content\/uploads\/2018\/09\/emailmkt-142x300.png 142w, https:\/\/anprotec.org.br\/site\/wp-content\/uploads\/2018\/09\/emailmkt-485x1024.png 485w, https:\/\/anprotec.org.br\/site\/wp-content\/uploads\/2018\/09\/emailmkt-69x146.png 69w, https:\/\/anprotec.org.br\/site\/wp-content\/uploads\/2018\/09\/emailmkt-24x50.png 24w, https:\/\/anprotec.org.br\/site\/wp-content\/uploads\/2018\/09\/emailmkt-36x75.png 36w\" sizes=\"(max-width: 492px) 100vw, 492px\" \/><\/p>\n","protected":false},"excerpt":{"rendered":"<p>Nesse m\u00eas de setembro, durante o terceiro dia da Confer\u00eancia<span class=\"excerpt-hellip\"> [\u2026]<\/span><\/p>\n","protected":false},"author":10,"featured_media":26218,"comment_status":"closed","ping_status":"closed","sticky":false,"template":"","format":"standard","meta":{"footnotes":"","_links_to":"","_links_to_target":""},"categories":[3],"tags":[],"calendar":[],"_links":{"self":[{"href":"https:\/\/anprotec.org.br\/site\/wp-json\/wp\/v2\/posts\/26217"}],"collection":[{"href":"https:\/\/anprotec.org.br\/site\/wp-json\/wp\/v2\/posts"}],"about":[{"href":"https:\/\/anprotec.org.br\/site\/wp-json\/wp\/v2\/types\/post"}],"author":[{"embeddable":true,"href":"https:\/\/anprotec.org.br\/site\/wp-json\/wp\/v2\/users\/10"}],"replies":[{"embeddable":true,"href":"https:\/\/anprotec.org.br\/site\/wp-json\/wp\/v2\/comments?post=26217"}],"version-history":[{"count":1,"href":"https:\/\/anprotec.org.br\/site\/wp-json\/wp\/v2\/posts\/26217\/revisions"}],"predecessor-version":[{"id":26220,"href":"https:\/\/anprotec.org.br\/site\/wp-json\/wp\/v2\/posts\/26217\/revisions\/26220"}],"wp:featuredmedia":[{"embeddable":true,"href":"https:\/\/anprotec.org.br\/site\/wp-json\/wp\/v2\/media\/26218"}],"wp:attachment":[{"href":"https:\/\/anprotec.org.br\/site\/wp-json\/wp\/v2\/media?parent=26217"}],"wp:term":[{"taxonomy":"category","embeddable":true,"href":"https:\/\/anprotec.org.br\/site\/wp-json\/wp\/v2\/categories?post=26217"},{"taxonomy":"post_tag","embeddable":true,"href":"https:\/\/anprotec.org.br\/site\/wp-json\/wp\/v2\/tags?post=26217"},{"taxonomy":"calendar","embeddable":true,"href":"https:\/\/anprotec.org.br\/site\/wp-json\/wp\/v2\/calendar?post=26217"}],"curies":[{"name":"wp","href":"https:\/\/api.w.org\/{rel}","templated":true}]}}