{"id":26212,"date":"2018-08-31T17:28:57","date_gmt":"2018-08-31T20:28:57","guid":{"rendered":"http:\/\/anprotec.org.br\/site\/?p=26212"},"modified":"2020-04-10T14:47:26","modified_gmt":"2020-04-10T17:47:26","slug":"incubadora-da-uel-abre-processo-seletivo-para-novas-empresas","status":"publish","type":"post","link":"https:\/\/anprotec.org.br\/site\/2018\/08\/incubadora-da-uel-abre-processo-seletivo-para-novas-empresas\/","title":{"rendered":"Incubadora da UEL abre processo seletivo para novas empresas"},"content":{"rendered":"<p style=\"font-weight: 400;text-align: justify\"><img decoding=\"async\" loading=\"lazy\" class=\" wp-image-26214 alignleft\" src=\"https:\/\/anprotec.org.br\/site\/wp-content\/uploads\/2018\/08\/LOGO_INTUEL_fundo-branco1.png\" alt=\"\" width=\"266\" height=\"169\" srcset=\"https:\/\/anprotec.org.br\/site\/wp-content\/uploads\/2018\/08\/LOGO_INTUEL_fundo-branco1.png 370w, https:\/\/anprotec.org.br\/site\/wp-content\/uploads\/2018\/08\/LOGO_INTUEL_fundo-branco1-300x191.png 300w, https:\/\/anprotec.org.br\/site\/wp-content\/uploads\/2018\/08\/LOGO_INTUEL_fundo-branco1-230x146.png 230w, https:\/\/anprotec.org.br\/site\/wp-content\/uploads\/2018\/08\/LOGO_INTUEL_fundo-branco1-50x32.png 50w, https:\/\/anprotec.org.br\/site\/wp-content\/uploads\/2018\/08\/LOGO_INTUEL_fundo-branco1-118x75.png 118w\" sizes=\"(max-width: 266px) 100vw, 266px\" \/>A Incubadora Internacional de Empresas de Base Tecnol\u00f3gica da Universidade Estadual de Londrina (Intuel) est\u00e1 com edital aberto para sele\u00e7\u00e3o de empreendimentos inovadores de base tecnol\u00f3gica. As inscri\u00e7\u00f5es ser\u00e3o abertas \u00e0s 18h de amanh\u00e3 (31) e v\u00e3o at\u00e9 as 12h do dia 1\u00ba de outubro.<\/p>\n<p style=\"font-weight: 400;text-align: justify\">Os empreendimentos selecionados passar\u00e3o por um per\u00edodo de incuba\u00e7\u00e3o que pode chegar a at\u00e9 48 meses. O programa \u00e9 realizado em duas modalidades: residente e n\u00e3o residente. Ser\u00e3o ofertadas at\u00e9 seis vagas para novas empresas.<\/p>\n<p style=\"font-weight: 400;text-align: justify\"><strong>Etapas de sele\u00e7\u00e3o<\/strong><\/p>\n<p style=\"font-weight: 400;text-align: justify\">Para participar do processo seletivo, os interessados devem preencher um sum\u00e1rio, cujo modelo est\u00e1 dispon\u00edvel no site\u00a0<a href=\"http:\/\/www.intuel.com.br\" target=\"_blank\" rel=\"noopener\">www.intuel.com.br<\/a>. No sum\u00e1rio, os candidatos dever\u00e3o apresentar suas propostas de empreendimento que podem ser de todos os setores da economia, desde que sejam relacionados a processos, produtos ou servi\u00e7os inovadores.<\/p>\n<p style=\"font-weight: 400;text-align: justify\">Na primeira fase, os projetos ser\u00e3o avaliados por uma equipe interna da Intuel, que vai levar em considera\u00e7\u00e3o, entre outras coisas, se o projeto tem car\u00e1ter inovador e se n\u00e3o \u00e9 concorrente de alguma das empresas j\u00e1 incubadas na Intuel.<\/p>\n<p style=\"font-weight: 400;text-align: justify\">Os empreendedores aprovados para a segunda fase v\u00e3o receber uma capacita\u00e7\u00e3o da incubadora para modelar e refinar suas propostas de neg\u00f3cios. Depois, as propostas ser\u00e3o avaliadas por uma banca externa composta por empreendedores e profissionais de \u00e1reas estrat\u00e9gicas Todos os projetos s\u00e3o avaliados nas \u00e1reas: empreendedor, tecnologia, gest\u00e3o, financeiro e mercado.<\/p>\n<p style=\"font-weight: 400;text-align: justify\"><strong>Benef\u00edcios<\/strong><\/p>\n<p style=\"font-weight: 400;text-align: justify\">Durante o programa de incuba\u00e7\u00e3o, os empreendedores ter\u00e3o acesso a cursos e consultorias de diversas \u00e1reas com o intuito de prepar\u00e1-los para o desenvolvimento da empresa. Al\u00e9m das capacita\u00e7\u00f5es e acompanhamentos com profissionais, as incubadas tamb\u00e9m ter\u00e3o \u00e0 sua disposi\u00e7\u00e3o o espa\u00e7o f\u00edsico para operar na Ag\u00eancia de Inova\u00e7\u00e3o Tecnol\u00f3gica da UEL (Aintec), se assim desejarem. Outro benef\u00edcio de ser um incubado da Intuel \u00e9 o direito a um servi\u00e7o de propriedade intelectual realizado pelo Escrit\u00f3rio de Propriedade Intelectual (EPI) da Aintec.<\/p>\n<p style=\"font-weight: 400;text-align: justify\">As vantagens de fazer parte de um programa de incuba\u00e7\u00e3o n\u00e3o param por a\u00ed. A gerente da incubadora, Bruna Ferrari, lembra que \u201cestar em um programa como o da Intuel favorece as empresas em editais, na busca de cr\u00e9dito e abre muitas portas para participa\u00e7\u00e3o de eventos estrat\u00e9gicos para o neg\u00f3cio\u201d.<\/p>\n<p style=\"font-weight: 400;text-align: justify\">Estar em uma cidade na qual o empreendedorismo \u00e9 um aspecto pujante tamb\u00e9m gera boas expectativas \u00e0 Intuel. \u201cComo nos anos anteriores, queremos encontrar projetos inovadores de Londrina e regi\u00e3o e dar visibilidade a eles\u201d, explica Bruna. \u201cA Intuel est\u00e1 hoje com um grupo de empresas incubadas de diversos setores e isso s\u00f3 enriquece o ambiente da incubadora\u201d, continua.<\/p>\n<p style=\"font-weight: 400;text-align: justify\"><strong>Intuel<\/strong><\/p>\n<p style=\"font-weight: 400;text-align: justify\">A Intuel faz parte da Ag\u00eancia de Inova\u00e7\u00e3o da UEL e tem como objetivo oferecer suporte para o desenvolvimento de empresas com potencial tecnol\u00f3gico. Al\u00e9m de estrutura f\u00edsica, a incubadora oferece cursos em \u00e1reas espec\u00edficas, como gest\u00e3o, financeiro e mercado. Atualmente ela conta com 12 empresas incubadas.<\/p>\n","protected":false},"excerpt":{"rendered":"<p>A Incubadora Internacional de Empresas de Base Tecnol\u00f3gica da Universidade<span class=\"excerpt-hellip\"> [\u2026]<\/span><\/p>\n","protected":false},"author":10,"featured_media":26214,"comment_status":"closed","ping_status":"closed","sticky":false,"template":"","format":"standard","meta":{"footnotes":"","_links_to":"","_links_to_target":""},"categories":[3],"tags":[],"calendar":[],"_links":{"self":[{"href":"https:\/\/anprotec.org.br\/site\/wp-json\/wp\/v2\/posts\/26212"}],"collection":[{"href":"https:\/\/anprotec.org.br\/site\/wp-json\/wp\/v2\/posts"}],"about":[{"href":"https:\/\/anprotec.org.br\/site\/wp-json\/wp\/v2\/types\/post"}],"author":[{"embeddable":true,"href":"https:\/\/anprotec.org.br\/site\/wp-json\/wp\/v2\/users\/10"}],"replies":[{"embeddable":true,"href":"https:\/\/anprotec.org.br\/site\/wp-json\/wp\/v2\/comments?post=26212"}],"version-history":[{"count":2,"href":"https:\/\/anprotec.org.br\/site\/wp-json\/wp\/v2\/posts\/26212\/revisions"}],"predecessor-version":[{"id":26216,"href":"https:\/\/anprotec.org.br\/site\/wp-json\/wp\/v2\/posts\/26212\/revisions\/26216"}],"wp:featuredmedia":[{"embeddable":true,"href":"https:\/\/anprotec.org.br\/site\/wp-json\/wp\/v2\/media\/26214"}],"wp:attachment":[{"href":"https:\/\/anprotec.org.br\/site\/wp-json\/wp\/v2\/media?parent=26212"}],"wp:term":[{"taxonomy":"category","embeddable":true,"href":"https:\/\/anprotec.org.br\/site\/wp-json\/wp\/v2\/categories?post=26212"},{"taxonomy":"post_tag","embeddable":true,"href":"https:\/\/anprotec.org.br\/site\/wp-json\/wp\/v2\/tags?post=26212"},{"taxonomy":"calendar","embeddable":true,"href":"https:\/\/anprotec.org.br\/site\/wp-json\/wp\/v2\/calendar?post=26212"}],"curies":[{"name":"wp","href":"https:\/\/api.w.org\/{rel}","templated":true}]}}