{"id":26205,"date":"2018-08-31T16:22:47","date_gmt":"2018-08-31T19:22:47","guid":{"rendered":"http:\/\/anprotec.org.br\/site\/?p=26205"},"modified":"2018-08-31T16:22:47","modified_gmt":"2018-08-31T19:22:47","slug":"workshop-anprotec-ira-gerar-carta-de-recomendacoes-aos-candidatos-presidencia","status":"publish","type":"post","link":"https:\/\/anprotec.org.br\/site\/2018\/08\/workshop-anprotec-ira-gerar-carta-de-recomendacoes-aos-candidatos-presidencia\/","title":{"rendered":"Workshop Anprotec ir\u00e1 gerar carta de recomenda\u00e7\u00f5es aos candidatos \u00e0 presid\u00eancia"},"content":{"rendered":"<p style=\"text-align: justify\">No dia 17 de setembro, das 9:00 \u00e0s 12:00, durante o primeiro dia da Confer\u00eancia Anprotec 2018, acontece o Workshop Anprotec, em Goi\u00e2nia \u2013 GO.<\/p>\n<p style=\"text-align: justify\">O Workshop englobar\u00e1 dois pain\u00e9is, respectivamente: \u201cPapel dos ambientes de inova\u00e7\u00e3o no desenvolvimento regional\/nacional\u201d; e \u201cPol\u00edticas p\u00fablicas para o desenvolvimento de ecossistemas de inova\u00e7\u00e3o\u201d.<\/p>\n<p style=\"text-align: justify\">O Workshop ser\u00e1 coordenado pelo atual membro do Conselho Consultivo Anprotec e ex-presidente da Associa\u00e7\u00e3o, Jorge Audy, e contar\u00e1 com convidados especialistas no ecossistema de inova\u00e7\u00e3o.<\/p>\n<p style=\"text-align: justify\">Guilherme Ary Plonsky, professor titular da Universidade de S\u00e3o Paulo e ex-presidente da Anprotec; junto com Sheila Oliveira Pires, superintendente executiva da Associa\u00e7\u00e3o ministrar\u00e3o o primeiro painel.<\/p>\n<p style=\"text-align: justify\">Jean Vogel, vice-presidente de tecnologia do CIASC e diretor de CT&amp;I da Secret\u00e1ria de Estado de Santa Catarina; e Claudio Marinho, engenheiro civil, e ex-secret\u00e1rio de planejamento, ci\u00eancia, tecnologia e meio ambiente do governo de Pernambuco, ir\u00e3o compor o segundo painel.<\/p>\n<p style=\"text-align: justify\">Com base nos pontos debatidos durante o Workshop, ser\u00e1 gerada uma carta de recomenda\u00e7\u00f5es de pol\u00edticas p\u00fablicas para est\u00edmulo e fortalecimento do empreendedorismo e da inova\u00e7\u00e3o no pa\u00eds, que ser\u00e1 entregue aos candidatos \u00e0 presid\u00eancia da Rep\u00fablica.<\/p>\n<p style=\"text-align: justify\">O Workshop, que tem n\u00famero restrito de participantes, tamb\u00e9m contar\u00e1 com a presen\u00e7a dos membros do Grupo Sofia, composto pelos ex-presidentes da Anprotec.<\/p>\n<p style=\"text-align: justify\">Fa\u00e7a j\u00e1 a inscri\u00e7\u00e3o na Confer\u00eancia Anprotec 2018 e garanta sua vaga!<\/p>\n<p style=\"text-align: justify\"><strong>Sobre a Confer\u00eancia Anprotec<\/strong><\/p>\n<p style=\"text-align: justify\">A Confer\u00eancia Anprotec de Empreendedorismo e Ambientes de Inova\u00e7\u00e3o se destaca como o maior evento de empreendedorismo inovador da Am\u00e9rica Latina. Realizado pela Anprotec e pelo SEBRAE, neste ano o encontro acontece na cidade de Goi\u00e2nia, capital do Estado de Goi\u00e1s, entre os dias 17 e 20 de setembro, com o tema Agro: Neg\u00f3cio, Tecnologia e Inova\u00e7\u00e3o.<\/p>\n<p style=\"text-align: justify\">Com organiza\u00e7\u00e3o local da Secretaria de Estado de Desenvolvimento Econ\u00f4mico, Cient\u00edfico e Tecnol\u00f3gico e de Agricultura, Pecu\u00e1ria e Irriga\u00e7\u00e3o (SED), do Governo do Estado de Goi\u00e1s, o evento ir\u00e1 debater sobre tecnologia, inova\u00e7\u00e3o e empreendedorismo no agroneg\u00f3cio.<\/p>\n<p style=\"text-align: justify\">Na programa\u00e7\u00e3o est\u00e3o previstas plen\u00e1rias, sess\u00f5es paralelas e t\u00e9cnicas, e workshops.<\/p>\n<p style=\"text-align: justify\">Confira a programa\u00e7\u00e3o completa em\u00a0<a href=\"http:\/\/conferenciaanprotec.com.br\/\" target=\"_blank\" rel=\"noopener\">conferenciaanprotec.com.br<\/a>\u00a0e inscreva-se!<\/p>\n<p><img decoding=\"async\" loading=\"lazy\" class=\"aligncenter  wp-image-26207\" src=\"https:\/\/anprotec.org.br\/site\/wp-content\/uploads\/2018\/08\/confer-1.png\" alt=\"\" width=\"536\" height=\"1231\" srcset=\"https:\/\/anprotec.org.br\/site\/wp-content\/uploads\/2018\/08\/confer-1.png 600w, https:\/\/anprotec.org.br\/site\/wp-content\/uploads\/2018\/08\/confer-1-131x300.png 131w, https:\/\/anprotec.org.br\/site\/wp-content\/uploads\/2018\/08\/confer-1-446x1024.png 446w, https:\/\/anprotec.org.br\/site\/wp-content\/uploads\/2018\/08\/confer-1-64x146.png 64w, https:\/\/anprotec.org.br\/site\/wp-content\/uploads\/2018\/08\/confer-1-22x50.png 22w, https:\/\/anprotec.org.br\/site\/wp-content\/uploads\/2018\/08\/confer-1-33x75.png 33w\" sizes=\"(max-width: 536px) 100vw, 536px\" \/><\/p>\n","protected":false},"excerpt":{"rendered":"<p>No dia 17 de setembro, das 9:00 \u00e0s 12:00, durante<span class=\"excerpt-hellip\"> [\u2026]<\/span><\/p>\n","protected":false},"author":10,"featured_media":26206,"comment_status":"closed","ping_status":"closed","sticky":false,"template":"","format":"standard","meta":{"footnotes":"","_links_to":"","_links_to_target":""},"categories":[3],"tags":[],"calendar":[],"_links":{"self":[{"href":"https:\/\/anprotec.org.br\/site\/wp-json\/wp\/v2\/posts\/26205"}],"collection":[{"href":"https:\/\/anprotec.org.br\/site\/wp-json\/wp\/v2\/posts"}],"about":[{"href":"https:\/\/anprotec.org.br\/site\/wp-json\/wp\/v2\/types\/post"}],"author":[{"embeddable":true,"href":"https:\/\/anprotec.org.br\/site\/wp-json\/wp\/v2\/users\/10"}],"replies":[{"embeddable":true,"href":"https:\/\/anprotec.org.br\/site\/wp-json\/wp\/v2\/comments?post=26205"}],"version-history":[{"count":2,"href":"https:\/\/anprotec.org.br\/site\/wp-json\/wp\/v2\/posts\/26205\/revisions"}],"predecessor-version":[{"id":26209,"href":"https:\/\/anprotec.org.br\/site\/wp-json\/wp\/v2\/posts\/26205\/revisions\/26209"}],"wp:featuredmedia":[{"embeddable":true,"href":"https:\/\/anprotec.org.br\/site\/wp-json\/wp\/v2\/media\/26206"}],"wp:attachment":[{"href":"https:\/\/anprotec.org.br\/site\/wp-json\/wp\/v2\/media?parent=26205"}],"wp:term":[{"taxonomy":"category","embeddable":true,"href":"https:\/\/anprotec.org.br\/site\/wp-json\/wp\/v2\/categories?post=26205"},{"taxonomy":"post_tag","embeddable":true,"href":"https:\/\/anprotec.org.br\/site\/wp-json\/wp\/v2\/tags?post=26205"},{"taxonomy":"calendar","embeddable":true,"href":"https:\/\/anprotec.org.br\/site\/wp-json\/wp\/v2\/calendar?post=26205"}],"curies":[{"name":"wp","href":"https:\/\/api.w.org\/{rel}","templated":true}]}}