{"id":26187,"date":"2018-08-30T12:18:07","date_gmt":"2018-08-30T15:18:07","guid":{"rendered":"http:\/\/anprotec.org.br\/site\/?p=26187"},"modified":"2018-08-30T12:18:07","modified_gmt":"2018-08-30T15:18:07","slug":"presidente-da-fapeg-fala-sobre-importancia-da-conferencia-anprotec-para-o-estado-de-goias","status":"publish","type":"post","link":"https:\/\/anprotec.org.br\/site\/2018\/08\/presidente-da-fapeg-fala-sobre-importancia-da-conferencia-anprotec-para-o-estado-de-goias\/","title":{"rendered":"Presidente da FAPEG fala sobre import\u00e2ncia da Confer\u00eancia Anprotec para o Estado de Goi\u00e1s"},"content":{"rendered":"<p style=\"text-align: justify\"><img decoding=\"async\" loading=\"lazy\" class=\" wp-image-26188 alignleft\" src=\"https:\/\/anprotec.org.br\/site\/wp-content\/uploads\/2018\/08\/site-anprotec.png\" alt=\"\" width=\"233\" height=\"148\" srcset=\"https:\/\/anprotec.org.br\/site\/wp-content\/uploads\/2018\/08\/site-anprotec.png 370w, https:\/\/anprotec.org.br\/site\/wp-content\/uploads\/2018\/08\/site-anprotec-300x191.png 300w, https:\/\/anprotec.org.br\/site\/wp-content\/uploads\/2018\/08\/site-anprotec-230x146.png 230w, https:\/\/anprotec.org.br\/site\/wp-content\/uploads\/2018\/08\/site-anprotec-50x32.png 50w, https:\/\/anprotec.org.br\/site\/wp-content\/uploads\/2018\/08\/site-anprotec-118x75.png 118w\" sizes=\"(max-width: 233px) 100vw, 233px\" \/>A presidente da Funda\u00e7\u00e3o de Amparo \u00e0 Pesquisa do Estado de Goi\u00e1s, Maria Zaira Turchi, falou, por meio de v\u00eddeo, sobre o cen\u00e1rio inovador e tecnol\u00f3gico do Estado de Goi\u00e1s, onde ser\u00e1 sediada a 28\u00aa Confer\u00eancia Anprotec de Empreendedorismo e Ambientes de Inova\u00e7\u00e3o.<\/p>\n<p style=\"text-align: justify\">Em seu discurso, Maria Turchi destacou a import\u00e2ncia da Confer\u00eancia para a cidade de Goi\u00e2nia, ressaltando que ser\u00e1 uma oportunidade para as pessoas de fora do Estado conhecer o potencial de inova\u00e7\u00e3o de Goi\u00e1s e debater sobre um tema que \u00e9 de extrema relev\u00e2ncia para o desenvolvimento do pa\u00eds.<\/p>\n<p style=\"text-align: justify\"><a href=\"https:\/\/www.youtube.com\/watch?v=z_pQnYKCpAk\" target=\"_blank\" rel=\"noopener\">Clique aqui<\/a> e assista o v\u00eddeo na integra.<\/p>\n<p style=\"text-align: justify\"><strong>Sobre a Confer\u00eancia Anprotec<\/strong><\/p>\n<p style=\"text-align: justify\">A Confer\u00eancia Anprotec de Empreendedorismo e Ambientes de Inova\u00e7\u00e3o se destaca como o maior evento de empreendedorismo inovador da Am\u00e9rica Latina. Realizado pela Anprotec e pelo SEBRAE, neste ano o encontro acontece na cidade de Goi\u00e2nia, capital do Estado de Goi\u00e1s, entre os dias 17 e 20 de setembro, com o tema Agro: Neg\u00f3cio, Tecnologia e Inova\u00e7\u00e3o.<\/p>\n<p style=\"text-align: justify\">Com organiza\u00e7\u00e3o local da Secretaria de Estado de Desenvolvimento Econ\u00f4mico, Cient\u00edfico e Tecnol\u00f3gico e de Agricultura, Pecu\u00e1ria e Irriga\u00e7\u00e3o (SED), do Governo do Estado de Goi\u00e1s, o evento ir\u00e1 debater sobre tecnologia, inova\u00e7\u00e3o e empreendedorismo no agroneg\u00f3cio.<\/p>\n<p style=\"text-align: justify\">Na programa\u00e7\u00e3o est\u00e3o previstas plen\u00e1rias, sess\u00f5es paralelas e t\u00e9cnicas, e workshops.<\/p>\n<p style=\"text-align: justify\">Confira a programa\u00e7\u00e3o completa em\u00a0<a href=\"http:\/\/conferenciaanprotec.com.br\/\" target=\"_blank\" rel=\"noopener\">conferenciaanprotec.com.br\u00a0e<\/a> inscreva-se!<\/p>\n","protected":false},"excerpt":{"rendered":"<p>A presidente da Funda\u00e7\u00e3o de Amparo \u00e0 Pesquisa do Estado<span class=\"excerpt-hellip\"> [\u2026]<\/span><\/p>\n","protected":false},"author":10,"featured_media":26188,"comment_status":"closed","ping_status":"closed","sticky":false,"template":"","format":"standard","meta":{"footnotes":"","_links_to":"","_links_to_target":""},"categories":[3],"tags":[],"calendar":[],"_links":{"self":[{"href":"https:\/\/anprotec.org.br\/site\/wp-json\/wp\/v2\/posts\/26187"}],"collection":[{"href":"https:\/\/anprotec.org.br\/site\/wp-json\/wp\/v2\/posts"}],"about":[{"href":"https:\/\/anprotec.org.br\/site\/wp-json\/wp\/v2\/types\/post"}],"author":[{"embeddable":true,"href":"https:\/\/anprotec.org.br\/site\/wp-json\/wp\/v2\/users\/10"}],"replies":[{"embeddable":true,"href":"https:\/\/anprotec.org.br\/site\/wp-json\/wp\/v2\/comments?post=26187"}],"version-history":[{"count":2,"href":"https:\/\/anprotec.org.br\/site\/wp-json\/wp\/v2\/posts\/26187\/revisions"}],"predecessor-version":[{"id":26190,"href":"https:\/\/anprotec.org.br\/site\/wp-json\/wp\/v2\/posts\/26187\/revisions\/26190"}],"wp:featuredmedia":[{"embeddable":true,"href":"https:\/\/anprotec.org.br\/site\/wp-json\/wp\/v2\/media\/26188"}],"wp:attachment":[{"href":"https:\/\/anprotec.org.br\/site\/wp-json\/wp\/v2\/media?parent=26187"}],"wp:term":[{"taxonomy":"category","embeddable":true,"href":"https:\/\/anprotec.org.br\/site\/wp-json\/wp\/v2\/categories?post=26187"},{"taxonomy":"post_tag","embeddable":true,"href":"https:\/\/anprotec.org.br\/site\/wp-json\/wp\/v2\/tags?post=26187"},{"taxonomy":"calendar","embeddable":true,"href":"https:\/\/anprotec.org.br\/site\/wp-json\/wp\/v2\/calendar?post=26187"}],"curies":[{"name":"wp","href":"https:\/\/api.w.org\/{rel}","templated":true}]}}