{"id":26180,"date":"2018-08-29T15:18:58","date_gmt":"2018-08-29T18:18:58","guid":{"rendered":"http:\/\/anprotec.org.br\/site\/?p=26180"},"modified":"2020-04-10T14:47:26","modified_gmt":"2020-04-10T17:47:26","slug":"rede-seleciona-startups-de-universitarios-e-recem-formados-para-participar-de-competicao-de-inovacao-e-empreendedorismo-na-china","status":"publish","type":"post","link":"https:\/\/anprotec.org.br\/site\/2018\/08\/rede-seleciona-startups-de-universitarios-e-recem-formados-para-participar-de-competicao-de-inovacao-e-empreendedorismo-na-china\/","title":{"rendered":"Rede+ seleciona startups de universit\u00e1rios e rec\u00e9m-formados para participar de competi\u00e7\u00e3o de inova\u00e7\u00e3o e empreendedorismo na China"},"content":{"rendered":"<p style=\"text-align: justify\"><img decoding=\"async\" loading=\"lazy\" class=\" wp-image-26181 alignleft\" src=\"https:\/\/anprotec.org.br\/site\/wp-content\/uploads\/2018\/08\/china1.png\" alt=\"\" width=\"239\" height=\"152\" srcset=\"https:\/\/anprotec.org.br\/site\/wp-content\/uploads\/2018\/08\/china1.png 370w, https:\/\/anprotec.org.br\/site\/wp-content\/uploads\/2018\/08\/china1-300x191.png 300w, https:\/\/anprotec.org.br\/site\/wp-content\/uploads\/2018\/08\/china1-230x146.png 230w, https:\/\/anprotec.org.br\/site\/wp-content\/uploads\/2018\/08\/china1-50x32.png 50w, https:\/\/anprotec.org.br\/site\/wp-content\/uploads\/2018\/08\/china1-118x75.png 118w\" sizes=\"(max-width: 239px) 100vw, 239px\" \/>A Rede+, associada \u00e0 Anprotec, est\u00e1 com inscri\u00e7\u00f5es abertas para o processo seletivo que levar\u00e1 tr\u00eas startups brasileiras para participar da Internet Pro &#8211; competi\u00e7\u00e3o de inova\u00e7\u00e3o e empreendedorismo chinesa, que j\u00e1 contou com mais de dois milh\u00f5es de participantes.<\/p>\n<p style=\"text-align: justify\">Ser\u00e3o escolhidas tr\u00eas startups brasileiras para participar da Internet Pro e ter a oportunidade de mostrar o seu neg\u00f3cio para o maior mercado do mundo, com todas as principais despesas pagas.<\/p>\n<p style=\"text-align: justify\">Nesse ano a competi\u00e7\u00e3o acontece em Macau, na China, no dia 10 de outubro.<\/p>\n<p style=\"text-align: justify\">A Internet Pro \u00e9 voltada a estudantes universit\u00e1rios ou rec\u00e9m-formados (com at\u00e9 cinco anos de forma\u00e7\u00e3o). A startup precisa ter, pelo menos, um s\u00f3cio nessa condi\u00e7\u00e3o.<\/p>\n<p style=\"text-align: justify\">Ser\u00e3o escolhidas as melhores solu\u00e7\u00f5es nos setores de Internet M\u00f3vel, Computa\u00e7\u00e3o em Nuvem, Big Data, Intelig\u00eancia Artificial e Internet das Coisas, e que, preferencialmente, possuam impacto social, ou colaborem com a transforma\u00e7\u00e3o e a moderniza\u00e7\u00e3o das ind\u00fastrias de manufatura, agricultura, energia e prote\u00e7\u00e3o ambiental.<\/p>\n<p style=\"text-align: justify\">\u201cA Rede+ est\u00e1 fazendo a filtragem das startups interessadas at\u00e9 o <strong>dia 5 de setembro<\/strong>, o resultado sair\u00e1 no dia <strong>10 de setembro<\/strong>. As startups selecionadas ter\u00e3o as despesas com passagem e hospedagem pagas\u201d, ressaltou Rodrigo Paolilo, CEO do Grupo Rede+<\/p>\n<p style=\"text-align: justify\">Para se inscrever preencha o formul\u00e1rio dispon\u00edvel no link:<a href=\"http:\/\/bit.ly\/suastartupnachina\" target=\"_blank\" rel=\"noopener\"> bit.ly\/suastartupnachina<\/a><\/p>\n","protected":false},"excerpt":{"rendered":"<p>A Rede+, associada \u00e0 Anprotec, est\u00e1 com inscri\u00e7\u00f5es abertas para<span class=\"excerpt-hellip\"> [\u2026]<\/span><\/p>\n","protected":false},"author":10,"featured_media":26181,"comment_status":"closed","ping_status":"closed","sticky":false,"template":"","format":"standard","meta":{"footnotes":"","_links_to":"","_links_to_target":""},"categories":[3],"tags":[],"calendar":[],"_links":{"self":[{"href":"https:\/\/anprotec.org.br\/site\/wp-json\/wp\/v2\/posts\/26180"}],"collection":[{"href":"https:\/\/anprotec.org.br\/site\/wp-json\/wp\/v2\/posts"}],"about":[{"href":"https:\/\/anprotec.org.br\/site\/wp-json\/wp\/v2\/types\/post"}],"author":[{"embeddable":true,"href":"https:\/\/anprotec.org.br\/site\/wp-json\/wp\/v2\/users\/10"}],"replies":[{"embeddable":true,"href":"https:\/\/anprotec.org.br\/site\/wp-json\/wp\/v2\/comments?post=26180"}],"version-history":[{"count":1,"href":"https:\/\/anprotec.org.br\/site\/wp-json\/wp\/v2\/posts\/26180\/revisions"}],"predecessor-version":[{"id":26182,"href":"https:\/\/anprotec.org.br\/site\/wp-json\/wp\/v2\/posts\/26180\/revisions\/26182"}],"wp:featuredmedia":[{"embeddable":true,"href":"https:\/\/anprotec.org.br\/site\/wp-json\/wp\/v2\/media\/26181"}],"wp:attachment":[{"href":"https:\/\/anprotec.org.br\/site\/wp-json\/wp\/v2\/media?parent=26180"}],"wp:term":[{"taxonomy":"category","embeddable":true,"href":"https:\/\/anprotec.org.br\/site\/wp-json\/wp\/v2\/categories?post=26180"},{"taxonomy":"post_tag","embeddable":true,"href":"https:\/\/anprotec.org.br\/site\/wp-json\/wp\/v2\/tags?post=26180"},{"taxonomy":"calendar","embeddable":true,"href":"https:\/\/anprotec.org.br\/site\/wp-json\/wp\/v2\/calendar?post=26180"}],"curies":[{"name":"wp","href":"https:\/\/api.w.org\/{rel}","templated":true}]}}