{"id":26058,"date":"2018-08-17T10:42:06","date_gmt":"2018-08-17T13:42:06","guid":{"rendered":"http:\/\/anprotec.org.br\/site\/?p=26058"},"modified":"2020-04-10T14:47:26","modified_gmt":"2020-04-10T17:47:26","slug":"startups-e-empreendedores-se-reunem-em-sao-jose-dos-campos","status":"publish","type":"post","link":"https:\/\/anprotec.org.br\/site\/2018\/08\/startups-e-empreendedores-se-reunem-em-sao-jose-dos-campos\/","title":{"rendered":"Startups e empreendedores se re\u00fanem em S\u00e3o Jos\u00e9 dos Campos"},"content":{"rendered":"<p style=\"text-align: justify\">O Nexus Summit \u00e9 um evento criado para reunir o ecossistema de startups do Brasil no Vale do Para\u00edba, no interior de S\u00e3o Paulo. A iniciativa \u00e9 da comunidade de empreendedores da regi\u00e3o, considerada um polo de desenvolvimento de novas ideias e tecnologias, que atrai cada vez mais investidores, empreendedores, profissionais e servi\u00e7os.<br \/>\nO\u00a0<a href=\"http:\/\/www.pqtec.org.br\/nexus-startups?utm_term=Startups+e+empreendedores+se+reunem+em+Sao+Jose+dos+Campos+%28SP%29&amp;utm_campaign=Imprensa++startups+e+empreendedorismo&amp;utm_source=e-goi&amp;utm_medium=email\" target=\"_blank\" rel=\"noopener\">Nexus<\/a>\u00a0\u2013 hub de inova\u00e7\u00e3o do Parque Tecnol\u00f3gico S\u00e3o Jos\u00e9 dos Campos \u2013 traz para este encontro sua experi\u00eancia\u00a0acompanhamento de startups, desde a concep\u00e7\u00e3o da ideia at\u00e9 a consolida\u00e7\u00e3o das empresas.<br \/>\nA primeira edi\u00e7\u00e3o do Summit ocorre nos dias 23 e 24 de agosto, no Parque Tecnol\u00f3gico S\u00e3o Jos\u00e9 dos Campos, considerado o maior complexo de inova\u00e7\u00e3o e empreendedorismo do Brasil. A localiza\u00e7\u00e3o \u00e9 estrat\u00e9gica: o parque est\u00e1 a 70 km do Aeroporto Internacional de Guarulhos, a 90 km de S\u00e3o Paulo e a 300 km do Rio de Janeiro.<\/p>\n<p><strong>O que voc\u00ea ver\u00e1 no Nexus Summit?<\/strong><br \/>\nSer\u00e3o dois dias de completa imers\u00e3o no universo de startups e empreendedorismo, sempre em busca de troca de experi\u00eancias.<br \/>\nO primeiro dia ser\u00e1 focado nas trajet\u00f3rias dos empreendedores. Grandes l\u00edderes de startups do Brasil e do Parahyba Valley v\u00e3o compartilhar suas hist\u00f3rias e trazer insights essenciais para quem busca crescimento e sucesso. J\u00e1 fazem parte do line-up Romero Rodrigues, co-founder do Buscap\u00e9 e da RedPoint eventures; Florian Hagenbuch, CEO da Printi e Gabryella Correia, CEO da Lady Driver. Os pratas da casa tamb\u00e9m contam suas hist\u00f3rias, fundadas aqui na regi\u00e3o: Marcos Arruda, CEO da Moneto, e Bernardo de P\u00e1dua, CEO da Quero Educa\u00e7\u00e3o, Alexandre Viola, CEO da Justto, e Tiago Serrano, CEO da SoluCX.<br \/>\nO segundo dia ser\u00e1 dedicado a responder \u00e0 pergunta: Como conseguir investimento para a minha startup? As palestras mostrar\u00e3o como conquistar investidores-anjo e como funciona a cabe\u00e7a de um investidor, entre outros temas. Est\u00e3o confirmados nomes como o de Paulo Mariotto e Marco Poli, da Anjos do Brasil, e Jo\u00e3o Kepler, do fundo Bossa Nova.<br \/>\nH\u00e1 tamb\u00e9m um DEMODAY, momento em que dez startups ter\u00e3o a oportunidade de fazer um pitch para uma banca de investidores renomados. A startup vencedora poder\u00e1 receber at\u00e9 R$ 50 mil reais de investimento. O valor ser\u00e1 levantado por Paulo Mariotto, representante da Anjos do Brasil no Parahyba Valley.<\/p>\n<p><strong>Conhe\u00e7a o Parahyba Valley<\/strong><br \/>\nGrandes empresas brasileiras e multinacionais, como Embraer, Johnson e Johnson, GM, Gerdau e Fibria, t\u00eam sede ou filial no Vale do Para\u00edba e fazem parte de um cen\u00e1rio prop\u00edcio para o crescimento das startups que oferecem tecnologia de ponta e novas solu\u00e7\u00f5es para seus processos. Universidades como o Instituto Tecnol\u00f3gico de Aeron\u00e1utica (ITA), Unifesp e Unesp, entre outras, est\u00e3o na regi\u00e3o e oferecem ao mercado profissionais, pesquisa e inova\u00e7\u00e3o de alto n\u00edvel.<br \/>\nMuitas das startups da regi\u00e3o s\u00e3o fundadas por especialistas formados nessas institui\u00e7\u00f5es, a exemplo do que ocorre no ecossistema do Silicon Valley, nos EUA. Por isso, a regi\u00e3o passou a ser chamada de Parahyba Valley, em alus\u00e3o a Vale do Sil\u00edcio. A regi\u00e3o norte-americana \u00e9 conhecida por seu ecossistema altamente favor\u00e1vel ao desenvolvimento de ideias e projetos e por ser sede de empresas como Google, Facebook e Apple.<br \/>\nUm cen\u00e1rio tamb\u00e9m encontrado no Vale, que se reflete na qualidade das novas empresas da regi\u00e3o. S\u00e3o Jos\u00e9 dos Campos, a maior cidade da regi\u00e3o, \u00e9 considerada a segunda cidade mais inovadora do pa\u00eds, de acordo com o ranking mais recente da Endeavor. A lista leva em conta aspectos com investimentos na cidade, infraestrutura tecnol\u00f3gica e propor\u00e7\u00e3o de mestres e doutores em ci\u00eancia e tecnologia.<br \/>\nO mesmo levantamento mostra que S\u00e3o Jos\u00e9 tem a maior taxa brasileira (14%) de trabalhadores na \u00e1rea de ci\u00eancia e tecnologia.<\/p>\n<p><strong>As vagas para o Nexus Summit s\u00e3o limitadas<\/strong>. Saiba mais e inscreva-se\u00a0neste <a href=\"https:\/\/www.sympla.com.br\/nexus-summit__318536?utm_term=Startups+e+empreendedores+se+reunem+em+Sao+Jose+dos+Campos+%28SP%29&amp;utm_campaign=Imprensa++startups+e+empreendedorismo&amp;utm_source=e-goi&amp;utm_medium=email\" target=\"_blank\" rel=\"noopener\">link<\/a>.<\/p>\n<p><img decoding=\"async\" loading=\"lazy\" class=\"aligncenter size-full wp-image-26060\" src=\"https:\/\/anprotec.org.br\/site\/wp-content\/uploads\/2018\/08\/5b3f8384dc609-lg.jpg\" alt=\"\" width=\"1100\" height=\"406\" srcset=\"https:\/\/anprotec.org.br\/site\/wp-content\/uploads\/2018\/08\/5b3f8384dc609-lg.jpg 1100w, https:\/\/anprotec.org.br\/site\/wp-content\/uploads\/2018\/08\/5b3f8384dc609-lg-300x111.jpg 300w, https:\/\/anprotec.org.br\/site\/wp-content\/uploads\/2018\/08\/5b3f8384dc609-lg-768x283.jpg 768w, https:\/\/anprotec.org.br\/site\/wp-content\/uploads\/2018\/08\/5b3f8384dc609-lg-1024x378.jpg 1024w, https:\/\/anprotec.org.br\/site\/wp-content\/uploads\/2018\/08\/5b3f8384dc609-lg-260x96.jpg 260w, https:\/\/anprotec.org.br\/site\/wp-content\/uploads\/2018\/08\/5b3f8384dc609-lg-50x18.jpg 50w, https:\/\/anprotec.org.br\/site\/wp-content\/uploads\/2018\/08\/5b3f8384dc609-lg-150x55.jpg 150w\" sizes=\"(max-width: 1100px) 100vw, 1100px\" \/><\/p>\n","protected":false},"excerpt":{"rendered":"<p>O Nexus Summit \u00e9 um evento criado para reunir o<span class=\"excerpt-hellip\"> [\u2026]<\/span><\/p>\n","protected":false},"author":10,"featured_media":26059,"comment_status":"closed","ping_status":"closed","sticky":false,"template":"","format":"standard","meta":{"footnotes":"","_links_to":"","_links_to_target":""},"categories":[3],"tags":[],"calendar":[],"_links":{"self":[{"href":"https:\/\/anprotec.org.br\/site\/wp-json\/wp\/v2\/posts\/26058"}],"collection":[{"href":"https:\/\/anprotec.org.br\/site\/wp-json\/wp\/v2\/posts"}],"about":[{"href":"https:\/\/anprotec.org.br\/site\/wp-json\/wp\/v2\/types\/post"}],"author":[{"embeddable":true,"href":"https:\/\/anprotec.org.br\/site\/wp-json\/wp\/v2\/users\/10"}],"replies":[{"embeddable":true,"href":"https:\/\/anprotec.org.br\/site\/wp-json\/wp\/v2\/comments?post=26058"}],"version-history":[{"count":1,"href":"https:\/\/anprotec.org.br\/site\/wp-json\/wp\/v2\/posts\/26058\/revisions"}],"predecessor-version":[{"id":26061,"href":"https:\/\/anprotec.org.br\/site\/wp-json\/wp\/v2\/posts\/26058\/revisions\/26061"}],"wp:featuredmedia":[{"embeddable":true,"href":"https:\/\/anprotec.org.br\/site\/wp-json\/wp\/v2\/media\/26059"}],"wp:attachment":[{"href":"https:\/\/anprotec.org.br\/site\/wp-json\/wp\/v2\/media?parent=26058"}],"wp:term":[{"taxonomy":"category","embeddable":true,"href":"https:\/\/anprotec.org.br\/site\/wp-json\/wp\/v2\/categories?post=26058"},{"taxonomy":"post_tag","embeddable":true,"href":"https:\/\/anprotec.org.br\/site\/wp-json\/wp\/v2\/tags?post=26058"},{"taxonomy":"calendar","embeddable":true,"href":"https:\/\/anprotec.org.br\/site\/wp-json\/wp\/v2\/calendar?post=26058"}],"curies":[{"name":"wp","href":"https:\/\/api.w.org\/{rel}","templated":true}]}}