{"id":26049,"date":"2018-08-16T16:47:14","date_gmt":"2018-08-16T19:47:14","guid":{"rendered":"http:\/\/anprotec.org.br\/site\/?p=26049"},"modified":"2018-08-16T16:47:14","modified_gmt":"2018-08-16T19:47:14","slug":"anprotec-e-udop-formalizam-parceria-durante-o-congresso-nacional-da-bioenergia","status":"publish","type":"post","link":"https:\/\/anprotec.org.br\/site\/2018\/08\/anprotec-e-udop-formalizam-parceria-durante-o-congresso-nacional-da-bioenergia\/","title":{"rendered":"ANPROTEC e UDOP formalizam parceria durante o Congresso Nacional da Bioenergia"},"content":{"rendered":"<p style=\"text-align: justify\"><img decoding=\"async\" loading=\"lazy\" class=\" wp-image-26050 alignleft\" src=\"https:\/\/anprotec.org.br\/site\/wp-content\/uploads\/2018\/08\/evento-geral.png\" alt=\"\" width=\"315\" height=\"200\" srcset=\"https:\/\/anprotec.org.br\/site\/wp-content\/uploads\/2018\/08\/evento-geral.png 370w, https:\/\/anprotec.org.br\/site\/wp-content\/uploads\/2018\/08\/evento-geral-300x191.png 300w, https:\/\/anprotec.org.br\/site\/wp-content\/uploads\/2018\/08\/evento-geral-230x146.png 230w, https:\/\/anprotec.org.br\/site\/wp-content\/uploads\/2018\/08\/evento-geral-50x32.png 50w, https:\/\/anprotec.org.br\/site\/wp-content\/uploads\/2018\/08\/evento-geral-118x75.png 118w\" sizes=\"(max-width: 315px) 100vw, 315px\" \/>A Associa\u00e7\u00e3o Nacional dos Empreendimentos Inovadores &#8211; Anprotec e a Uni\u00e3o dos Produtores de Bioenergia &#8211; UDOP, formalizaram um Acordo de Colabora\u00e7\u00e3o T\u00e9cnica durante o 11\u00ba Congresso Nacional da Bioenergia, que aconteceu neste m\u00eas na cidade de Ara\u00e7atuba\/SP.<\/p>\n<p style=\"text-align: justify\">O Acordo celebrado entre a ANPROTEC e a UDOP tem como objetivo a implementa\u00e7\u00e3o do Programa de Inova\u00e7\u00e3o Corporativa em Rede junto \u00e0s empresas do setor de Bioenergia afiliadas \u00e0 UDOP. O foco \u00e9 estimular a amplia\u00e7\u00e3o de investimentos em projetos inovadores, estreitando a colabora\u00e7\u00e3o com startups de base tecnol\u00f3gica atrav\u00e9s do apoio multilateral de incubadoras e aceleradoras de neg\u00f3cios.<\/p>\n<p style=\"text-align: justify\">Por meio dessas a\u00e7\u00f5es, as institui\u00e7\u00f5es combinam e potencializam o acesso a laborat\u00f3rios avan\u00e7ados dispon\u00edveis nos ambientes de inova\u00e7\u00e3o associados \u00e0 Anprotec, com os ambientes produtivos do setor de Bioenergia associados \u00e0 UDOP a fim de identificar problemas reais e desenvolver novos prot\u00f3tipos e produtos. Al\u00e9m disso, as a\u00e7\u00f5es permitem a expans\u00e3o da rede de mentores e cria novas oportunidades de neg\u00f3cios e colabora\u00e7\u00e3o t\u00e9cnica.<\/p>\n<p style=\"text-align: justify\">A cerim\u00f4nia de assinatura para a oficializa\u00e7\u00e3o da parceria aconteceu no primeiro dia do congresso (1\u00ba de agosto), e contou com a presen\u00e7a do Consultor de projetos da Anprotec, Ant\u00f4nio Marcon, representando o Prof\u00ba Jos\u00e9 Aranha, Presidente da Anprotec.<\/p>\n<p style=\"text-align: justify\"><strong>Desdobramentos<\/strong><\/p>\n<p style=\"text-align: justify\">O primeiro desdobramento desta parceria ocorre no <strong>Semin\u00e1rio UDOP de Inova\u00e7\u00e3o<\/strong>, evento que se realizar\u00e1 no m\u00eas de novembro deste ano abordando a tem\u00e1tica da inova\u00e7\u00e3o para setor de biocombust\u00edveis. O evento contar\u00e1 com a <strong>Sala Startups<\/strong>, um espa\u00e7o onde Startups e Spin-Offs poder\u00e3o demonstrar seus produtos e servi\u00e7os em \u00e1reas espec\u00edficas como Agr\u00edcola, Automotiva, Industrial, entre outras, para moderadores e investidores.<\/p>\n<p style=\"text-align: justify\">\u00a0<strong>Sobre a UDOP<\/strong><\/p>\n<p style=\"text-align: justify\">A entidade representa cerca de 60 usinas de a\u00e7\u00facar, etanol e bioeletricidade em sete estados da federa\u00e7\u00e3o, com um amplo trabalho na qualifica\u00e7\u00e3o profissional do setor bioenerg\u00e9tico, que por mais de tr\u00eas d\u00e9cadas j\u00e1 propiciou a capacita\u00e7\u00e3o de mais de 120 mil profissionais.<\/p>\n<p style=\"text-align: justify\"><strong>Sobre a Anprotec<\/strong><\/p>\n<p style=\"text-align: justify\">Criada em 1987, a Associa\u00e7\u00e3o Nacional de Entidades Promotoras de Empreendimentos Inovadores (Anprotec) re\u00fane cerca de 370 associados, entre incubadoras de empresas, parques tecnol\u00f3gicos, aceleradoras, coworkings, institui\u00e7\u00f5es de ensino e pesquisa, \u00f3rg\u00e3os p\u00fablicos e outras entidades ligadas ao empreendedorismo e \u00e0 inova\u00e7\u00e3o. L\u00edder do movimento no Brasil, a Associa\u00e7\u00e3o atua por meio da promo\u00e7\u00e3o de atividades de capacita\u00e7\u00e3o, articula\u00e7\u00e3o de pol\u00edticas p\u00fablicas e gera\u00e7\u00e3o e dissemina\u00e7\u00e3o de conhecimentos.<\/p>\n","protected":false},"excerpt":{"rendered":"<p>A Associa\u00e7\u00e3o Nacional dos Empreendimentos Inovadores &#8211; Anprotec e a<span class=\"excerpt-hellip\"> [\u2026]<\/span><\/p>\n","protected":false},"author":10,"featured_media":26050,"comment_status":"closed","ping_status":"closed","sticky":false,"template":"","format":"standard","meta":{"footnotes":"","_links_to":"","_links_to_target":""},"categories":[3],"tags":[],"calendar":[],"_links":{"self":[{"href":"https:\/\/anprotec.org.br\/site\/wp-json\/wp\/v2\/posts\/26049"}],"collection":[{"href":"https:\/\/anprotec.org.br\/site\/wp-json\/wp\/v2\/posts"}],"about":[{"href":"https:\/\/anprotec.org.br\/site\/wp-json\/wp\/v2\/types\/post"}],"author":[{"embeddable":true,"href":"https:\/\/anprotec.org.br\/site\/wp-json\/wp\/v2\/users\/10"}],"replies":[{"embeddable":true,"href":"https:\/\/anprotec.org.br\/site\/wp-json\/wp\/v2\/comments?post=26049"}],"version-history":[{"count":1,"href":"https:\/\/anprotec.org.br\/site\/wp-json\/wp\/v2\/posts\/26049\/revisions"}],"predecessor-version":[{"id":26051,"href":"https:\/\/anprotec.org.br\/site\/wp-json\/wp\/v2\/posts\/26049\/revisions\/26051"}],"wp:featuredmedia":[{"embeddable":true,"href":"https:\/\/anprotec.org.br\/site\/wp-json\/wp\/v2\/media\/26050"}],"wp:attachment":[{"href":"https:\/\/anprotec.org.br\/site\/wp-json\/wp\/v2\/media?parent=26049"}],"wp:term":[{"taxonomy":"category","embeddable":true,"href":"https:\/\/anprotec.org.br\/site\/wp-json\/wp\/v2\/categories?post=26049"},{"taxonomy":"post_tag","embeddable":true,"href":"https:\/\/anprotec.org.br\/site\/wp-json\/wp\/v2\/tags?post=26049"},{"taxonomy":"calendar","embeddable":true,"href":"https:\/\/anprotec.org.br\/site\/wp-json\/wp\/v2\/calendar?post=26049"}],"curies":[{"name":"wp","href":"https:\/\/api.w.org\/{rel}","templated":true}]}}