{"id":25955,"date":"2018-08-06T17:26:22","date_gmt":"2018-08-06T20:26:22","guid":{"rendered":"http:\/\/anprotec.org.br\/site\/?p=25955"},"modified":"2018-08-07T10:04:03","modified_gmt":"2018-08-07T13:04:03","slug":"area-do-associado-anprotec-traz-novidades","status":"publish","type":"post","link":"https:\/\/anprotec.org.br\/site\/2018\/08\/area-do-associado-anprotec-traz-novidades\/","title":{"rendered":"\u00c1rea do associado Anprotec traz novidades"},"content":{"rendered":"<p style=\"text-align: justify\">Ap\u00f3s a reformula\u00e7\u00e3o do site institucional da Anprotec, realizada em abril deste ano, a Associa\u00e7\u00e3o estreia a\u00a0<strong>\u00e1rea para divulgar os conte\u00fados de acesso exclusivo para seus associados<\/strong>.<\/p>\n<p style=\"text-align: justify\">Na p\u00e1gina, totalmente reformulada, ser\u00e3o reunidos os comunicados voltados para os ambientes de inova\u00e7\u00e3o vinculados \u00e0 Anprotec, documentos institucionais, relat\u00f3rios de projetos, oportunidades, al\u00e9m de diversas outras informa\u00e7\u00f5es.<\/p>\n<p style=\"text-align: justify\">A proposta \u00e9\u00a0<strong>criar um espa\u00e7o para debate e encontro da comunidade da Anprotec<\/strong>. Para atingir este objetivo, a \u00e1rea do associado foi constru\u00edda com uma estrutura de blog. A partir da publica\u00e7\u00e3o, o presidente, a diretoria, os l\u00edderes tem\u00e1ticos, a assessoria parlamentar e os gerentes de projetos poder\u00e3o ser autores desta p\u00e1gina e contribuir com novos materiais.<\/p>\n<p style=\"text-align: justify\">Cada post poder\u00e1 receber coment\u00e1rios para\u00a0<strong>estimular este di\u00e1logo sobre cada tema<\/strong>. Teremos muitas novidades ainda neste ano, como a publica\u00e7\u00e3o regular de<strong>\u00a0balan\u00e7os financeiros<\/strong>, os\u00a0<strong>novos materiais do Cerne<\/strong>, dentre outros.<\/p>\n<p style=\"text-align: justify\">Gostar\u00edamos de contar com a contribui\u00e7\u00e3o de todos sobre os conte\u00fados que poder\u00e3o ser publicados na \u00e1rea do associado.<\/p>\n<p style=\"text-align: justify\">Sugest\u00f5es, cr\u00edticas, d\u00favidas e coment\u00e1rios s\u00e3o muito bem-vindos! Escrevam para\u00a0<a target=\"_blank\">comunica\u00e7\u00e3o@anprotec.org.br<\/a><\/p>\n<p style=\"text-align: justify\">Acesse\u00a0<a href=\"https:\/\/anprotec.org.br\/site\/associado\/\" target=\"_blank\" rel=\"noopener\">https:\/\/anprotec.org.br\/site\/associado\/<\/a><\/p>\n<p><img decoding=\"async\" loading=\"lazy\" class=\"aligncenter wp-image-25957\" src=\"https:\/\/anprotec.org.br\/site\/wp-content\/uploads\/2018\/08\/WhatsApp-Image-2018-08-03-at-12.59.34.jpeg\" alt=\"\" width=\"574\" height=\"472\" srcset=\"https:\/\/anprotec.org.br\/site\/wp-content\/uploads\/2018\/08\/WhatsApp-Image-2018-08-03-at-12.59.34.jpeg 1184w, https:\/\/anprotec.org.br\/site\/wp-content\/uploads\/2018\/08\/WhatsApp-Image-2018-08-03-at-12.59.34-300x247.jpeg 300w, https:\/\/anprotec.org.br\/site\/wp-content\/uploads\/2018\/08\/WhatsApp-Image-2018-08-03-at-12.59.34-768x631.jpeg 768w, https:\/\/anprotec.org.br\/site\/wp-content\/uploads\/2018\/08\/WhatsApp-Image-2018-08-03-at-12.59.34-1024x842.jpeg 1024w, https:\/\/anprotec.org.br\/site\/wp-content\/uploads\/2018\/08\/WhatsApp-Image-2018-08-03-at-12.59.34-178x146.jpeg 178w, https:\/\/anprotec.org.br\/site\/wp-content\/uploads\/2018\/08\/WhatsApp-Image-2018-08-03-at-12.59.34-50x41.jpeg 50w, https:\/\/anprotec.org.br\/site\/wp-content\/uploads\/2018\/08\/WhatsApp-Image-2018-08-03-at-12.59.34-91x75.jpeg 91w\" sizes=\"(max-width: 574px) 100vw, 574px\" \/><\/p>\n","protected":false},"excerpt":{"rendered":"<p>Ap\u00f3s a reformula\u00e7\u00e3o do site institucional da Anprotec, realizada em<span class=\"excerpt-hellip\"> [\u2026]<\/span><\/p>\n","protected":false},"author":10,"featured_media":25956,"comment_status":"closed","ping_status":"closed","sticky":false,"template":"","format":"standard","meta":{"footnotes":"","_links_to":"","_links_to_target":""},"categories":[3],"tags":[],"calendar":[],"_links":{"self":[{"href":"https:\/\/anprotec.org.br\/site\/wp-json\/wp\/v2\/posts\/25955"}],"collection":[{"href":"https:\/\/anprotec.org.br\/site\/wp-json\/wp\/v2\/posts"}],"about":[{"href":"https:\/\/anprotec.org.br\/site\/wp-json\/wp\/v2\/types\/post"}],"author":[{"embeddable":true,"href":"https:\/\/anprotec.org.br\/site\/wp-json\/wp\/v2\/users\/10"}],"replies":[{"embeddable":true,"href":"https:\/\/anprotec.org.br\/site\/wp-json\/wp\/v2\/comments?post=25955"}],"version-history":[{"count":2,"href":"https:\/\/anprotec.org.br\/site\/wp-json\/wp\/v2\/posts\/25955\/revisions"}],"predecessor-version":[{"id":25961,"href":"https:\/\/anprotec.org.br\/site\/wp-json\/wp\/v2\/posts\/25955\/revisions\/25961"}],"wp:featuredmedia":[{"embeddable":true,"href":"https:\/\/anprotec.org.br\/site\/wp-json\/wp\/v2\/media\/25956"}],"wp:attachment":[{"href":"https:\/\/anprotec.org.br\/site\/wp-json\/wp\/v2\/media?parent=25955"}],"wp:term":[{"taxonomy":"category","embeddable":true,"href":"https:\/\/anprotec.org.br\/site\/wp-json\/wp\/v2\/categories?post=25955"},{"taxonomy":"post_tag","embeddable":true,"href":"https:\/\/anprotec.org.br\/site\/wp-json\/wp\/v2\/tags?post=25955"},{"taxonomy":"calendar","embeddable":true,"href":"https:\/\/anprotec.org.br\/site\/wp-json\/wp\/v2\/calendar?post=25955"}],"curies":[{"name":"wp","href":"https:\/\/api.w.org\/{rel}","templated":true}]}}