{"id":25924,"date":"2018-08-02T13:20:09","date_gmt":"2018-08-02T16:20:09","guid":{"rendered":"http:\/\/anprotec.org.br\/site\/?p=25924"},"modified":"2020-04-10T14:47:39","modified_gmt":"2020-04-10T17:47:39","slug":"startup-weekend-campina-grande-social-impact-acontece-neste-final-de-semana","status":"publish","type":"post","link":"https:\/\/anprotec.org.br\/site\/2018\/08\/startup-weekend-campina-grande-social-impact-acontece-neste-final-de-semana\/","title":{"rendered":"Startup Weekend Campina Grande Social Impact acontece neste final de semana"},"content":{"rendered":"<p style=\"text-align: justify\"><img decoding=\"async\" loading=\"lazy\" class=\" wp-image-25925 alignleft\" src=\"https:\/\/anprotec.org.br\/site\/wp-content\/uploads\/2018\/08\/34181392_229497277633948_1811809735951777792_n.jpg\" alt=\"\" width=\"231\" height=\"149\" srcset=\"https:\/\/anprotec.org.br\/site\/wp-content\/uploads\/2018\/08\/34181392_229497277633948_1811809735951777792_n.jpg 370w, https:\/\/anprotec.org.br\/site\/wp-content\/uploads\/2018\/08\/34181392_229497277633948_1811809735951777792_n-300x194.jpg 300w, https:\/\/anprotec.org.br\/site\/wp-content\/uploads\/2018\/08\/34181392_229497277633948_1811809735951777792_n-226x146.jpg 226w, https:\/\/anprotec.org.br\/site\/wp-content\/uploads\/2018\/08\/34181392_229497277633948_1811809735951777792_n-50x32.jpg 50w, https:\/\/anprotec.org.br\/site\/wp-content\/uploads\/2018\/08\/34181392_229497277633948_1811809735951777792_n-116x75.jpg 116w\" sizes=\"(max-width: 231px) 100vw, 231px\" \/>O fim de semana ser\u00e1 de muito trabalho para as equipes de designers, desenvolvedores, empreendedores e entusiastas que ser\u00e3o formadas para entregar uma ideia de impacto social. Os grupos estar\u00e3o imersos no Startup Weekend Campina Grande Social Impact, que acontecer\u00e1 nos dias 03, 04 e 05 de agosto de 2018, na Funda\u00e7\u00e3o Parque Tecnol\u00f3gico da Para\u00edba &#8211; Funda\u00e7\u00e3o PaqTcPB.<\/p>\n<p style=\"text-align: justify\">O SW \u00e9 uma rede global de l\u00edderes e empreendedores de alto impacto com a miss\u00e3o de inspirar, educar e capacitar indiv\u00edduos, equipes e comunidades. Mais de 8.000 startups foram criadas em eventos realizados em mais de 100 pa\u00edses.<\/p>\n<p style=\"text-align: justify\">Ap\u00f3s a viv\u00eancia desse ecossistema de compartilhamento para a entrega de uma ideia de produto ou servi\u00e7o voltado para o impacto social, ter\u00e3o se passado 54h de intensas atividades. O fim de semana ser\u00e1 finalizado com a apresenta\u00e7\u00e3o dos projetos a mentores, jurados e investidores.<\/p>\n<p style=\"text-align: justify\">As inscri\u00e7\u00f5es foram encerradas na quarta-feira, 01, atraindo os \u00faltimos participantes para este evento de imers\u00e3o voltado para o impacto social.<\/p>\n<p style=\"text-align: justify\">Informa\u00e7\u00f5es sobre a programa\u00e7\u00e3o podem ser encontradas nas redes sociais \u2013\u00a0<a href=\"https:\/\/www.facebook.com\/SWCampinaGrandeSocialImpact\/\" target=\"_blank\" rel=\"noopener\"><strong>Facebook<\/strong><\/a>,\u00a0<a href=\"https:\/\/www.instagram.com\/startupweekendcampina\/\" target=\"_blank\" rel=\"noopener\"><strong>Instagram\u00a0<\/strong><\/a>e\u00a0<a href=\"https:\/\/twitter.com\/Swcg2018\" target=\"_blank\" rel=\"noopener\"><strong>Twitter<\/strong><\/a>. O evento \u00e9 uma realiza\u00e7\u00e3o da Techstars, com apoio da Funda\u00e7\u00e3o PaqTCPB.<\/p>\n","protected":false},"excerpt":{"rendered":"<p>O fim de semana ser\u00e1 de muito trabalho para as<span class=\"excerpt-hellip\"> [\u2026]<\/span><\/p>\n","protected":false},"author":10,"featured_media":25925,"comment_status":"closed","ping_status":"closed","sticky":false,"template":"","format":"standard","meta":{"footnotes":"","_links_to":"","_links_to_target":""},"categories":[3],"tags":[],"calendar":[],"_links":{"self":[{"href":"https:\/\/anprotec.org.br\/site\/wp-json\/wp\/v2\/posts\/25924"}],"collection":[{"href":"https:\/\/anprotec.org.br\/site\/wp-json\/wp\/v2\/posts"}],"about":[{"href":"https:\/\/anprotec.org.br\/site\/wp-json\/wp\/v2\/types\/post"}],"author":[{"embeddable":true,"href":"https:\/\/anprotec.org.br\/site\/wp-json\/wp\/v2\/users\/10"}],"replies":[{"embeddable":true,"href":"https:\/\/anprotec.org.br\/site\/wp-json\/wp\/v2\/comments?post=25924"}],"version-history":[{"count":2,"href":"https:\/\/anprotec.org.br\/site\/wp-json\/wp\/v2\/posts\/25924\/revisions"}],"predecessor-version":[{"id":25928,"href":"https:\/\/anprotec.org.br\/site\/wp-json\/wp\/v2\/posts\/25924\/revisions\/25928"}],"wp:featuredmedia":[{"embeddable":true,"href":"https:\/\/anprotec.org.br\/site\/wp-json\/wp\/v2\/media\/25925"}],"wp:attachment":[{"href":"https:\/\/anprotec.org.br\/site\/wp-json\/wp\/v2\/media?parent=25924"}],"wp:term":[{"taxonomy":"category","embeddable":true,"href":"https:\/\/anprotec.org.br\/site\/wp-json\/wp\/v2\/categories?post=25924"},{"taxonomy":"post_tag","embeddable":true,"href":"https:\/\/anprotec.org.br\/site\/wp-json\/wp\/v2\/tags?post=25924"},{"taxonomy":"calendar","embeddable":true,"href":"https:\/\/anprotec.org.br\/site\/wp-json\/wp\/v2\/calendar?post=25924"}],"curies":[{"name":"wp","href":"https:\/\/api.w.org\/{rel}","templated":true}]}}