{"id":25919,"date":"2018-08-01T18:50:53","date_gmt":"2018-08-01T21:50:53","guid":{"rendered":"http:\/\/anprotec.org.br\/site\/?p=25919"},"modified":"2018-08-01T18:50:53","modified_gmt":"2018-08-01T21:50:53","slug":"resultado-da-2a-etapa-da-chamada-de-trabalhos-da-conferencia-anprotec-esta-no-ar","status":"publish","type":"post","link":"https:\/\/anprotec.org.br\/site\/2018\/08\/resultado-da-2a-etapa-da-chamada-de-trabalhos-da-conferencia-anprotec-esta-no-ar\/","title":{"rendered":"Resultado da 2\u00aa etapa da Chamada de Trabalhos da Confer\u00eancia Anprotec est\u00e1 no ar"},"content":{"rendered":"<p>As listas dos trabalhos aprovados na 2\u00aa etapa da Chamada de Trabalhos da 28\u00aa Confer\u00eancia Anprotec de Empreendedorismo e Ambientes de Inova\u00e7\u00e3o, que acontece em Goi\u00e2nia \u2013 GO entre os dias 17 e 20 de setembro, j\u00e1 est\u00e3o dispon\u00edveis no site oficial do evento.<\/p>\n<p>Foram aprovados 44 Artigos Completos e 17 Boas Pr\u00e1ticas.<\/p>\n<p>O envio do trabalho final, corrigido com ajustes (3\u00aa etapa), deve ser realizado at\u00e9 o dia <strong>13 de agosto<\/strong>.<\/p>\n<p>Para a submiss\u00e3o do trabalho final, \u00e9 necess\u00e1rio que os autores estejam inscritos na Confer\u00eancia Anprotec 2018.<\/p>\n<p>Clique nos links abaixo e confira a rela\u00e7\u00e3o dos aprovados.<\/p>\n<p>Mais informa\u00e7\u00f5es sobre os trabalhos que ser\u00e3o apresentados durante o evento ou apenas publicados nos anais, ser\u00e3o divulgadas ap\u00f3s o envio final.<\/p>\n<p>Trabalhos aprovados na categoria <a href=\"http:\/\/conferenciaanprotec.com.br\/conferencia2018\/wp-content\/uploads\/2018\/08\/Aprovados-Boas-Praticas_Segunda-Etapa.pdf\" target=\"_blank\" rel=\"noopener\">Boas Pr\u00e1ticas<\/a>.<\/p>\n<p>Trabalhos aprovados na categoria <a href=\"http:\/\/conferenciaanprotec.com.br\/conferencia2018\/wp-content\/uploads\/2018\/08\/Aprovados-Artigos-Completos_Segunda-Etapa.pdf\" target=\"_blank\" rel=\"noopener\">Artigos Completos.<\/a><\/p>\n<p>Confira o <a href=\"http:\/\/conferenciaanprotec.com.br\/\" target=\"_blank\" rel=\"noopener\">site da Confer\u00eancia<\/a> Anprotec e fique ligado nas novidades.<\/p>\n<p><a href=\"http:\/\/www.inscricaoeletronica.com.br\/anprotec2018\/inscricao\/inicio1.php\" target=\"_blank\" rel=\"noopener\">Clique aqui<\/a> e inscreva-se!<\/p>\n<p><img decoding=\"async\" loading=\"lazy\" class=\"aligncenter size-full wp-image-25922\" src=\"https:\/\/anprotec.org.br\/site\/wp-content\/uploads\/2018\/08\/Resultados-segunda-etapa-chamada-de-trabalhos.png\" alt=\"\" width=\"1240\" height=\"1187\" srcset=\"https:\/\/anprotec.org.br\/site\/wp-content\/uploads\/2018\/08\/Resultados-segunda-etapa-chamada-de-trabalhos.png 1240w, https:\/\/anprotec.org.br\/site\/wp-content\/uploads\/2018\/08\/Resultados-segunda-etapa-chamada-de-trabalhos-300x287.png 300w, https:\/\/anprotec.org.br\/site\/wp-content\/uploads\/2018\/08\/Resultados-segunda-etapa-chamada-de-trabalhos-768x735.png 768w, https:\/\/anprotec.org.br\/site\/wp-content\/uploads\/2018\/08\/Resultados-segunda-etapa-chamada-de-trabalhos-1024x980.png 1024w, https:\/\/anprotec.org.br\/site\/wp-content\/uploads\/2018\/08\/Resultados-segunda-etapa-chamada-de-trabalhos-153x146.png 153w, https:\/\/anprotec.org.br\/site\/wp-content\/uploads\/2018\/08\/Resultados-segunda-etapa-chamada-de-trabalhos-50x48.png 50w, https:\/\/anprotec.org.br\/site\/wp-content\/uploads\/2018\/08\/Resultados-segunda-etapa-chamada-de-trabalhos-78x75.png 78w\" sizes=\"(max-width: 1240px) 100vw, 1240px\" \/><\/p>\n","protected":false},"excerpt":{"rendered":"<p>As listas dos trabalhos aprovados na 2\u00aa etapa da Chamada<span class=\"excerpt-hellip\"> [\u2026]<\/span><\/p>\n","protected":false},"author":10,"featured_media":25921,"comment_status":"closed","ping_status":"closed","sticky":false,"template":"","format":"standard","meta":{"footnotes":"","_links_to":"","_links_to_target":""},"categories":[3],"tags":[],"calendar":[],"_links":{"self":[{"href":"https:\/\/anprotec.org.br\/site\/wp-json\/wp\/v2\/posts\/25919"}],"collection":[{"href":"https:\/\/anprotec.org.br\/site\/wp-json\/wp\/v2\/posts"}],"about":[{"href":"https:\/\/anprotec.org.br\/site\/wp-json\/wp\/v2\/types\/post"}],"author":[{"embeddable":true,"href":"https:\/\/anprotec.org.br\/site\/wp-json\/wp\/v2\/users\/10"}],"replies":[{"embeddable":true,"href":"https:\/\/anprotec.org.br\/site\/wp-json\/wp\/v2\/comments?post=25919"}],"version-history":[{"count":1,"href":"https:\/\/anprotec.org.br\/site\/wp-json\/wp\/v2\/posts\/25919\/revisions"}],"predecessor-version":[{"id":25923,"href":"https:\/\/anprotec.org.br\/site\/wp-json\/wp\/v2\/posts\/25919\/revisions\/25923"}],"wp:featuredmedia":[{"embeddable":true,"href":"https:\/\/anprotec.org.br\/site\/wp-json\/wp\/v2\/media\/25921"}],"wp:attachment":[{"href":"https:\/\/anprotec.org.br\/site\/wp-json\/wp\/v2\/media?parent=25919"}],"wp:term":[{"taxonomy":"category","embeddable":true,"href":"https:\/\/anprotec.org.br\/site\/wp-json\/wp\/v2\/categories?post=25919"},{"taxonomy":"post_tag","embeddable":true,"href":"https:\/\/anprotec.org.br\/site\/wp-json\/wp\/v2\/tags?post=25919"},{"taxonomy":"calendar","embeddable":true,"href":"https:\/\/anprotec.org.br\/site\/wp-json\/wp\/v2\/calendar?post=25919"}],"curies":[{"name":"wp","href":"https:\/\/api.w.org\/{rel}","templated":true}]}}