{"id":25908,"date":"2018-08-01T16:23:56","date_gmt":"2018-08-01T19:23:56","guid":{"rendered":"http:\/\/anprotec.org.br\/site\/?p=25908"},"modified":"2018-08-02T13:49:52","modified_gmt":"2018-08-02T16:49:52","slug":"pre-lancamento-da-conferencia-anprotec-2018-reune-comunidade-cientifica-e-ambientes-de-inovacao-goianos","status":"publish","type":"post","link":"https:\/\/anprotec.org.br\/site\/2018\/08\/pre-lancamento-da-conferencia-anprotec-2018-reune-comunidade-cientifica-e-ambientes-de-inovacao-goianos\/","title":{"rendered":"Pr\u00e9-Lan\u00e7amento da Confer\u00eancia Anprotec 2018 re\u00fane comunidade cient\u00edfica e ambientes de inova\u00e7\u00e3o goianos"},"content":{"rendered":"<p style=\"text-align: justify\"><img decoding=\"async\" loading=\"lazy\" class=\" wp-image-25910 alignleft\" src=\"https:\/\/anprotec.org.br\/site\/wp-content\/uploads\/2018\/08\/conferencia-site.jpg\" alt=\"\" width=\"327\" height=\"233\" srcset=\"https:\/\/anprotec.org.br\/site\/wp-content\/uploads\/2018\/08\/conferencia-site.jpg 650w, https:\/\/anprotec.org.br\/site\/wp-content\/uploads\/2018\/08\/conferencia-site-300x214.jpg 300w, https:\/\/anprotec.org.br\/site\/wp-content\/uploads\/2018\/08\/conferencia-site-205x146.jpg 205w, https:\/\/anprotec.org.br\/site\/wp-content\/uploads\/2018\/08\/conferencia-site-50x36.jpg 50w, https:\/\/anprotec.org.br\/site\/wp-content\/uploads\/2018\/08\/conferencia-site-105x75.jpg 105w\" sizes=\"(max-width: 327px) 100vw, 327px\" \/>A Confer\u00eancia Anprotec 2018, que acontecer\u00e1 entre os dias 17 e 20 de setembro, teve sua cerim\u00f4nia de pr\u00e9-lan\u00e7amento hoje (1\u00ba de agosto), em Goi\u00e2nia \u2013 GO, no Pal\u00e1cio das Esmeraldas. O evento reuniu representantes da comunidade cient\u00edfica e de ambientes de inova\u00e7\u00e3o do Estado de Goi\u00e1s.<\/p>\n<p style=\"text-align: justify\">Realizada pela Anprotec e pelo Sebrae, e com o tema \u201cAgro: Neg\u00f3cio, Tecnologia e Inova\u00e7\u00e3o\u201d, o evento tem como organizador local a Secretaria de Estado de Desenvolvimento Econ\u00f4mico, Cient\u00edfico e Tecnol\u00f3gico e de Agricultura, Pecu\u00e1ria e Irriga\u00e7\u00e3o (SED), do Governo de Goi\u00e1s.<\/p>\n<p style=\"text-align: justify\">\u201cEsta \u00e9 a primeira vez que temos um tema setorial na nossa Confer\u00eancia. Vamos continuar discutindo as oportunidades e desafios dos ambientes de inova\u00e7\u00e3o brasileiros, por\u00e9m, vamos inserir este debate no contexto do agroneg\u00f3cio, que tem passado por uma intensa revolu\u00e7\u00e3o tecnol\u00f3gica, e Goi\u00e1s \u00e9, certamente, o melhor local para sediar essa discuss\u00e3o\u201d, comentou o presidente da Anprotec, Jos\u00e9 Alberto Sampaio Aranha.<\/p>\n<p style=\"text-align: justify\">O diretor superintendente do Sebrae, Igor Montenegro, ressaltou que muitas pessoas ainda n\u00e3o se deram conta do desafio que ser\u00e1 abastecer os prov\u00e1veis 10 bilh\u00f5es de habitantes que o planeta alcan\u00e7ar\u00e1 nos pr\u00f3ximos 20 anos. \u201cPara isso, provavelmente, a produ\u00e7\u00e3o de alimentos ter\u00e1 que crescer em 50% no mundo. O Brasil ser\u00e1 protagonista nisso, em especial, o Centro Oeste, e a agenda da inova\u00e7\u00e3o \u00e9 central para atender este desafio\u201d.<\/p>\n<p style=\"text-align: justify\">Tendo em vista esse cen\u00e1rio, a 28\u00aa Confer\u00eancia Anprotec tem como objetivo ser o palco para a apresenta\u00e7\u00e3o do potencial inovador que se concentra nas incubadoras de empresas, parques tecnol\u00f3gicos, aceleradoras, coworkings, institui\u00e7\u00f5es de ensino e pesquisa e startups brasileiras como provedores de solu\u00e7\u00f5es para os desafios do agroneg\u00f3cio. \u201cO setor tem passado por uma revolu\u00e7\u00e3o com tecnologias como a internet das coisas, sensores, big data, drones, dentre tantas outras. Isso abre um leque de oportunidades para todo o ecossistema de inova\u00e7\u00e3o brasileiro\u201d, complementou Aranha.<\/p>\n<p style=\"text-align: justify\">\u201cGoi\u00e1s est\u00e1 em um momento importante de crescimento e a Confer\u00eancia ir\u00e1 fortalecer o esfor\u00e7o que temos feito para acelerar a inova\u00e7\u00e3o na base econ\u00f4mica do Estado, tendo como foco especial a capacita\u00e7\u00e3o de nossos trabalhadores, para preparar estas pessoas para a nova economia que est\u00e1 surgindo desse novo agroneg\u00f3cio\u201d, destacou o superintendente executivo de ci\u00eancia e tecnologia do Estado de Goi\u00e1s, Roberto da Piedade.<\/p>\n<p style=\"text-align: justify\">Encerrando a cerim\u00f4nia, o secret\u00e1rio de gest\u00e3o e planejamento, Joaquim Mesquita, ressaltou a import\u00e2ncia do evento para o Estado. \u201cReceberemos de bra\u00e7os abertos todos os participantes. \u00c9 um privil\u00e9gio para Goi\u00e1s receber tantos pesquisadores, especialistas e empreendedores interessados em quebrar paradigmas e renovar perspectivas para o presente e o futuro. \u00c9, tamb\u00e9m, uma oportunidade de mostrar ao Brasil e o mundo que Goi\u00e1s segue na dianteira de processos inovadores\u201d, afirmou.<\/p>\n<p style=\"text-align: justify\">\u201cGoi\u00e1s tem sido um dos estados que mais crescem no Brasil nos \u00faltimos anos, e isso \u00e9 um enorme desafio. Apostamos fortemente na inova\u00e7\u00e3o e estimulamos a forma\u00e7\u00e3o de mestres e doutores e projetos de pesquisa, para que esse crescimento seja sustent\u00e1vel pelos pr\u00f3ximos anos\u201d, completou o secret\u00e1rio.<\/p>\n<p style=\"text-align: justify\">O per\u00edodo de inscri\u00e7\u00e3o promocional para a Confer\u00eancia Anprotec 2018 foi prorrogado at\u00e9 o dia 17 de agosto e os residentes do Estado de Goi\u00e1s t\u00eam 25% de desconto. As dicas de hospedagem j\u00e1 est\u00e3o dispon\u00edveis no site oficial do evento, assim como a programa\u00e7\u00e3o completa.<\/p>\n<p style=\"text-align: justify\"><a href=\"http:\/\/www.inscricaoeletronica.com.br\/anprotec2018\/inscricao\/inicio1.php\">Clique aqui<\/a> para inscrever-se e participe!<\/p>\n<p style=\"text-align: justify\">Saiba mais sobre a Confer\u00eancia Anprotec em <a href=\"http:\/\/www.conferenciaanprotec.com.br\">conferenciaanprotec.com.br<\/a><\/p>\n","protected":false},"excerpt":{"rendered":"<p>A Confer\u00eancia Anprotec 2018, que acontecer\u00e1 entre os dias 17<span class=\"excerpt-hellip\"> [\u2026]<\/span><\/p>\n","protected":false},"author":10,"featured_media":25932,"comment_status":"closed","ping_status":"closed","sticky":false,"template":"","format":"standard","meta":{"footnotes":"","_links_to":"","_links_to_target":""},"categories":[3],"tags":[],"calendar":[],"_links":{"self":[{"href":"https:\/\/anprotec.org.br\/site\/wp-json\/wp\/v2\/posts\/25908"}],"collection":[{"href":"https:\/\/anprotec.org.br\/site\/wp-json\/wp\/v2\/posts"}],"about":[{"href":"https:\/\/anprotec.org.br\/site\/wp-json\/wp\/v2\/types\/post"}],"author":[{"embeddable":true,"href":"https:\/\/anprotec.org.br\/site\/wp-json\/wp\/v2\/users\/10"}],"replies":[{"embeddable":true,"href":"https:\/\/anprotec.org.br\/site\/wp-json\/wp\/v2\/comments?post=25908"}],"version-history":[{"count":2,"href":"https:\/\/anprotec.org.br\/site\/wp-json\/wp\/v2\/posts\/25908\/revisions"}],"predecessor-version":[{"id":25912,"href":"https:\/\/anprotec.org.br\/site\/wp-json\/wp\/v2\/posts\/25908\/revisions\/25912"}],"wp:featuredmedia":[{"embeddable":true,"href":"https:\/\/anprotec.org.br\/site\/wp-json\/wp\/v2\/media\/25932"}],"wp:attachment":[{"href":"https:\/\/anprotec.org.br\/site\/wp-json\/wp\/v2\/media?parent=25908"}],"wp:term":[{"taxonomy":"category","embeddable":true,"href":"https:\/\/anprotec.org.br\/site\/wp-json\/wp\/v2\/categories?post=25908"},{"taxonomy":"post_tag","embeddable":true,"href":"https:\/\/anprotec.org.br\/site\/wp-json\/wp\/v2\/tags?post=25908"},{"taxonomy":"calendar","embeddable":true,"href":"https:\/\/anprotec.org.br\/site\/wp-json\/wp\/v2\/calendar?post=25908"}],"curies":[{"name":"wp","href":"https:\/\/api.w.org\/{rel}","templated":true}]}}