{"id":25830,"date":"2018-07-23T15:01:33","date_gmt":"2018-07-23T18:01:33","guid":{"rendered":"http:\/\/anprotec.org.br\/site\/?p=25830"},"modified":"2018-07-23T15:01:33","modified_gmt":"2018-07-23T18:01:33","slug":"minicurso-sobre-negocios-de-impacto-social-acontece-em-17-de-setembro-na-conferencia-anprotec","status":"publish","type":"post","link":"https:\/\/anprotec.org.br\/site\/2018\/07\/minicurso-sobre-negocios-de-impacto-social-acontece-em-17-de-setembro-na-conferencia-anprotec\/","title":{"rendered":"Minicurso sobre Neg\u00f3cios de Impacto Social acontece em 17 de setembro na Confer\u00eancia Anprotec"},"content":{"rendered":"<p style=\"text-align: justify\">O Minicurso \u201cNeg\u00f3cios de Impacto Social: modelagem de neg\u00f3cio e modelos de receita\u201d acontecer\u00e1 no dia 17 de setembro, primeiro dia da Confer\u00eancia Anprotec 2018, que acontece entre os dias 17 e 20 de setembro, no Centro de Conven\u00e7\u00f5es Goi\u00e2nia, na capital do Estado de Goi\u00e1s.<\/p>\n<p style=\"text-align: justify\">O curso ser\u00e1 ministrado pela gerente executiva do Instituto de Cidadania Empresarial (ICE), Fernanda Bombardi, pelo analista de programas do ICE, Samir Hamra, e pelo s\u00f3cio-fundador do Sense-Lab, Andreas Ufer.<\/p>\n<p style=\"text-align: justify\">Durante o curso, ser\u00e3o apresentadas tend\u00eancias para o investimento de impacto e os neg\u00f3cios de impacto no Brasil, a ferramenta inovadora de modelagem de neg\u00f3cios de impacto, Modelo C, e os diferentes modelos de receita utilizados por neg\u00f3cios de impacto no Brasil e o exterior.<\/p>\n<p style=\"text-align: justify\">Neste ano, a Confer\u00eancia Anprotec traz como tema central \u201cAgro: Neg\u00f3cio, Tecnologia e Inova\u00e7\u00e3o\u201d, e apresentar\u00e1 o potencial inovador que se encontra nas incubadoras de empresas, parques tecnol\u00f3gicos, institui\u00e7\u00f5es de ensino e pesquisa e startups brasileiras.<\/p>\n<p style=\"text-align: justify\">Para saber mais sobre a Confer\u00eancia, acesse o site oficial: <a href=\"http:\/\/conferenciaanprotec.com.br\/\" target=\"_blank\" rel=\"noopener\">http:\/\/conferenciaanprotec.com.br\/<\/a><\/p>\n<p style=\"text-align: justify\">Participe do maior evento de empreendedorismo inovador da Am\u00e9rica Latina! <a href=\"http:\/\/www.inscricaoeletronica.com.br\/anprotec2018\/inscricao\/inicio1.php\" target=\"_blank\" rel=\"noopener\">Clique aqui<\/a> e inscrever-se!<\/p>\n<p><img decoding=\"async\" loading=\"lazy\" class=\" wp-image-25831 alignleft\" src=\"https:\/\/anprotec.org.br\/site\/wp-content\/uploads\/2018\/07\/20180720_mini-curso-2_v3.jpg\" alt=\"\" width=\"474\" height=\"1014\" srcset=\"https:\/\/anprotec.org.br\/site\/wp-content\/uploads\/2018\/07\/20180720_mini-curso-2_v3.jpg 600w, https:\/\/anprotec.org.br\/site\/wp-content\/uploads\/2018\/07\/20180720_mini-curso-2_v3-140x300.jpg 140w, https:\/\/anprotec.org.br\/site\/wp-content\/uploads\/2018\/07\/20180720_mini-curso-2_v3-479x1024.jpg 479w, https:\/\/anprotec.org.br\/site\/wp-content\/uploads\/2018\/07\/20180720_mini-curso-2_v3-68x146.jpg 68w, https:\/\/anprotec.org.br\/site\/wp-content\/uploads\/2018\/07\/20180720_mini-curso-2_v3-23x50.jpg 23w, https:\/\/anprotec.org.br\/site\/wp-content\/uploads\/2018\/07\/20180720_mini-curso-2_v3-35x75.jpg 35w\" sizes=\"(max-width: 474px) 100vw, 474px\" \/><\/p>\n","protected":false},"excerpt":{"rendered":"<p>O Minicurso \u201cNeg\u00f3cios de Impacto Social: modelagem de neg\u00f3cio e<span class=\"excerpt-hellip\"> [\u2026]<\/span><\/p>\n","protected":false},"author":10,"featured_media":25832,"comment_status":"closed","ping_status":"closed","sticky":false,"template":"","format":"standard","meta":{"footnotes":"","_links_to":"","_links_to_target":""},"categories":[3],"tags":[],"calendar":[],"_links":{"self":[{"href":"https:\/\/anprotec.org.br\/site\/wp-json\/wp\/v2\/posts\/25830"}],"collection":[{"href":"https:\/\/anprotec.org.br\/site\/wp-json\/wp\/v2\/posts"}],"about":[{"href":"https:\/\/anprotec.org.br\/site\/wp-json\/wp\/v2\/types\/post"}],"author":[{"embeddable":true,"href":"https:\/\/anprotec.org.br\/site\/wp-json\/wp\/v2\/users\/10"}],"replies":[{"embeddable":true,"href":"https:\/\/anprotec.org.br\/site\/wp-json\/wp\/v2\/comments?post=25830"}],"version-history":[{"count":1,"href":"https:\/\/anprotec.org.br\/site\/wp-json\/wp\/v2\/posts\/25830\/revisions"}],"predecessor-version":[{"id":25833,"href":"https:\/\/anprotec.org.br\/site\/wp-json\/wp\/v2\/posts\/25830\/revisions\/25833"}],"wp:featuredmedia":[{"embeddable":true,"href":"https:\/\/anprotec.org.br\/site\/wp-json\/wp\/v2\/media\/25832"}],"wp:attachment":[{"href":"https:\/\/anprotec.org.br\/site\/wp-json\/wp\/v2\/media?parent=25830"}],"wp:term":[{"taxonomy":"category","embeddable":true,"href":"https:\/\/anprotec.org.br\/site\/wp-json\/wp\/v2\/categories?post=25830"},{"taxonomy":"post_tag","embeddable":true,"href":"https:\/\/anprotec.org.br\/site\/wp-json\/wp\/v2\/tags?post=25830"},{"taxonomy":"calendar","embeddable":true,"href":"https:\/\/anprotec.org.br\/site\/wp-json\/wp\/v2\/calendar?post=25830"}],"curies":[{"name":"wp","href":"https:\/\/api.w.org\/{rel}","templated":true}]}}