{"id":258,"date":"2012-09-12T17:16:41","date_gmt":"2012-09-12T20:16:41","guid":{"rendered":"http:\/\/douglasdasilva.com.br\/clients\/anprotec\/?p=258"},"modified":"2012-10-18T16:19:14","modified_gmt":"2012-10-18T19:19:14","slug":"mcti-estuda-apoiar-na-origem-projetos-com-potencial-empreendedor","status":"publish","type":"post","link":"https:\/\/anprotec.org.br\/site\/2012\/09\/mcti-estuda-apoiar-na-origem-projetos-com-potencial-empreendedor\/","title":{"rendered":"MCTI estuda apoiar na origem projetos com potencial empreendedor"},"content":{"rendered":"<p style=\"text-align: justify;\">O novo coordenador de Servi\u00e7os Tecnol\u00f3gicos, da secretaria de Desenvolvimento Tecnol\u00f3gico e Inova\u00e7\u00e3o (Setec), do Minist\u00e9rio da Ci\u00eancia, Tecnologia e Inova\u00e7\u00e3o (MCTI), Jorge Mario Campagnolo, antecipou que estuda elaborar um programa voltado para o financiamento de novos projetos na fase de pr\u00e9-incuba\u00e7\u00e3o.<\/p>\n<p style=\"text-align: justify;\">A novidade consistiria em aportar recursos na fase inicial, com o objetivo de aumentar a efic\u00e1cia dos recursos aplicados nas incubadoras e evitar que boas iniciativas deixem de se transformar em empresas incubadas por falta de investimento, criando mecanismos de acelera\u00e7\u00e3o da inova\u00e7\u00e3o.<\/p>\n<p style=\"text-align: justify;\">Ele avalia que as incubadoras e os parques tecnol\u00f3gicos s\u00e3o ferramentas importantes no combate \u00e0 mortalidade de novas micro e pequenas empresas e que a aprova\u00e7\u00e3o do novo C\u00f3digo Nacional de Ci\u00eancia, Tecnologia e Inova\u00e7\u00e3o pode oferecer a seguran\u00e7a necess\u00e1ria ao desenvolvimento do setor.<\/p>\n<p style=\"text-align: justify;\">Engenheiro eletricista, formado na Universidade Federal do Rio Grande do Sul (UFRGS), Campagnolo tem mestrado e doutorado na \u00e1rea de sistema de pot\u00eancia e especializa\u00e7\u00e3o em computa\u00e7\u00e3o de alto desempenho e conserva\u00e7\u00e3o de energia. Nos \u00faltimos oito anos, atuou na Universidade Federal de Santa Catarina (UFSC), no cargo de diretor de Projetos de Pesquisa, coordenando o processo de normatiza\u00e7\u00e3o dos projetos de incubadoras, absorvendo experi\u00eancia no relacionamento entre academia e empresa.<\/p>\n<p style=\"text-align: justify;\">\n<p style=\"text-align: justify;\"><strong>Apoio \u00e0 criatividade<\/strong><\/p>\n<p style=\"text-align: justify;\">Sobre o apoio a ideias j\u00e1 na origem, o processo de capacita\u00e7\u00e3o se concentraria nos n\u00facleos de inova\u00e7\u00e3o tecnol\u00f3gica (NITs) das universidades. Tem que apoiar as incubadoras, mas tamb\u00e9m n\u00e3o podemos esquecer de apoiar as ideias criativas, diz Campagnolo. Segundo ele, a otimiza\u00e7\u00e3o de recursos p\u00fablicos decorreria do amadurecimento dos projetos na fase de pr\u00e9-incuba\u00e7\u00e3o, pois investir em empresas j\u00e1 incubadas \u00e9 mais custoso. Inova\u00e7\u00e3o n\u00e3o significa necessariamente grandes investimentos. Uma boa ideia e poucos recursos podem resultar em um projeto genial com alto valor de mercado, pondera.<\/p>\n<p style=\"text-align: justify;\">O gestor afirma que as incubadoras de empresas e os parques tecnol\u00f3gicos t\u00eam papel importante no apoio ao empreendedorismo. Sabidamente o Brasil \u00e9 um pa\u00eds empreendedor. Entretanto, grande parcela das empresas morre no primeiro ano de funcionamento, observa. As incubadoras e os parques podem ser mais eficientes na redu\u00e7\u00e3o desta mortalidade. O fortalecimento do Programa Nacional de Apoio \u00e0s Incubadoras de Empresas e Parques Tecnol\u00f3gicos \u00e9 fundamental.<\/p>\n<p style=\"text-align: justify;\">\n<p style=\"text-align: justify;\"><strong>Instrumentos complementares<\/strong><\/p>\n<p style=\"text-align: justify;\">O coordenador avalia que o Sistema Brasileiro de Tecnologia (Sibratec) e a Empresa Brasileira de Pesquisa e Inova\u00e7\u00e3o Industrial (Embrapii) devem atuar de forma complementar para diminuir o espa\u00e7o entre pesquisa e desenvolvimento (Pamp;D) e a aplica\u00e7\u00e3o do conhecimento nas empresas. O secret\u00e1rio adjunto da Setec, Adalberto Fazzio, tamb\u00e9m defendeu a ideia recentemente.<\/p>\n<p style=\"text-align: justify;\">O Sibratec \u00e9 um instrumento que mostra resultados importantes para o desenvolvimento da inova\u00e7\u00e3o nas micro, pequenas e m\u00e9dias empresas. Ele possui grande potencial e deve ser fortalecido. Acredito que a Embrapii possa criar um ambiente flex\u00edvel e \u00e1gil, necess\u00e1rio para a inova\u00e7\u00e3o, explica Jorge Campagnolo.<\/p>\n<p style=\"text-align: justify;\">A seu ver, o C\u00f3digo Nacional de Ci\u00eancia, Tecnologia e Inova\u00e7\u00e3o poder\u00e1 favorecer uma cultura de inova\u00e7\u00e3o nas empresas. Associada a flexibilidade e agilidade, a seguran\u00e7a jur\u00eddica tamb\u00e9m \u00e9 importante, comenta.<\/p>\n<p>&nbsp;<\/p>\n<p style=\"text-align: right;\"><em>Fonte: Ascom\/MCTI<\/em><\/p>\n<p>&nbsp;<\/p>\n","protected":false},"excerpt":{"rendered":"<p>O novo coordenador de Servi\u00e7os Tecnol\u00f3gicos, Jorge Campagnolo, estuda elaborar um programa como foco em projetos na fase de pr\u00e9-incuba\u00e7\u00e3o<\/p>\n","protected":false},"author":8,"featured_media":0,"comment_status":"open","ping_status":"open","sticky":false,"template":"","format":"standard","meta":{"footnotes":"","_links_to":"","_links_to_target":""},"categories":[3],"tags":[],"calendar":[],"_links":{"self":[{"href":"https:\/\/anprotec.org.br\/site\/wp-json\/wp\/v2\/posts\/258"}],"collection":[{"href":"https:\/\/anprotec.org.br\/site\/wp-json\/wp\/v2\/posts"}],"about":[{"href":"https:\/\/anprotec.org.br\/site\/wp-json\/wp\/v2\/types\/post"}],"author":[{"embeddable":true,"href":"https:\/\/anprotec.org.br\/site\/wp-json\/wp\/v2\/users\/8"}],"replies":[{"embeddable":true,"href":"https:\/\/anprotec.org.br\/site\/wp-json\/wp\/v2\/comments?post=258"}],"version-history":[{"count":4,"href":"https:\/\/anprotec.org.br\/site\/wp-json\/wp\/v2\/posts\/258\/revisions"}],"predecessor-version":[{"id":261,"href":"https:\/\/anprotec.org.br\/site\/wp-json\/wp\/v2\/posts\/258\/revisions\/261"}],"wp:attachment":[{"href":"https:\/\/anprotec.org.br\/site\/wp-json\/wp\/v2\/media?parent=258"}],"wp:term":[{"taxonomy":"category","embeddable":true,"href":"https:\/\/anprotec.org.br\/site\/wp-json\/wp\/v2\/categories?post=258"},{"taxonomy":"post_tag","embeddable":true,"href":"https:\/\/anprotec.org.br\/site\/wp-json\/wp\/v2\/tags?post=258"},{"taxonomy":"calendar","embeddable":true,"href":"https:\/\/anprotec.org.br\/site\/wp-json\/wp\/v2\/calendar?post=258"}],"curies":[{"name":"wp","href":"https:\/\/api.w.org\/{rel}","templated":true}]}}