{"id":25742,"date":"2018-07-09T12:28:20","date_gmt":"2018-07-09T15:28:20","guid":{"rendered":"http:\/\/anprotec.org.br\/site\/?p=25742"},"modified":"2020-04-10T14:47:39","modified_gmt":"2020-04-10T17:47:39","slug":"programa-multincubadora-de-empresas-da-unb-recebe-inscricoes-ate-13-07","status":"publish","type":"post","link":"https:\/\/anprotec.org.br\/site\/2018\/07\/programa-multincubadora-de-empresas-da-unb-recebe-inscricoes-ate-13-07\/","title":{"rendered":"Programa Multincubadora de Empresas da UnB recebe inscri\u00e7\u00f5es at\u00e9 13\/07"},"content":{"rendered":"<p><img decoding=\"async\" loading=\"lazy\" class=\"alignleft wp-image-25760\" src=\"https:\/\/anprotec.org.br\/site\/wp-content\/uploads\/2018\/07\/logo_multincubadora-300x189.png\" alt=\"\" width=\"279\" height=\"176\" srcset=\"https:\/\/anprotec.org.br\/site\/wp-content\/uploads\/2018\/07\/logo_multincubadora-300x189.png 300w, https:\/\/anprotec.org.br\/site\/wp-content\/uploads\/2018\/07\/logo_multincubadora-231x146.png 231w, https:\/\/anprotec.org.br\/site\/wp-content\/uploads\/2018\/07\/logo_multincubadora-50x32.png 50w, https:\/\/anprotec.org.br\/site\/wp-content\/uploads\/2018\/07\/logo_multincubadora-119x75.png 119w, https:\/\/anprotec.org.br\/site\/wp-content\/uploads\/2018\/07\/logo_multincubadora.png 347w\" sizes=\"(max-width: 279px) 100vw, 279px\" \/>O Programa Multincubadora de Empresas, do Centro de Apoio ao Desenvolvimento Tecnol\u00f3gico da Universidade de Bras\u00edlia (UnB), recebe at\u00e9 o pr\u00f3ximo dia 13 de julho as inscri\u00e7\u00f5es para seu processo seletivo que apoiar\u00e1 o desenvolvimento, o crescimento e a consolida\u00e7\u00e3o de neg\u00f3cios inovadores.<\/p>\n<p>As empresas selecionadas ter\u00e3o apoio para as fases de pr\u00e9-incuba\u00e7\u00e3o, que ser\u00e1 de at\u00e9 06 meses, e incuba\u00e7\u00e3o, que poder\u00e1 durar at\u00e9 36 meses. O per\u00edodo de perman\u00eancia poder\u00e1 ser prorrogado caso haja necessidade de um tempo maior para finaliza\u00e7\u00e3o do projeto, servi\u00e7o e outras demandas iniciadas na vig\u00eancia do conv\u00eanio, mas deve respeitar o limite m\u00e1ximo de 48 meses de incuba\u00e7\u00e3o.<\/p>\n<p>S\u00e3o previstas no total 20 vagas, 06 vagas para pr\u00e9-incuba\u00e7\u00e3o; 06 vagas para incuba\u00e7\u00e3o residente em <em>coworking<\/em>; 02 vagas para incuba\u00e7\u00e3o residente individual e 06 vagas para incuba\u00e7\u00e3o \u00e0 dist\u00e2ncia\/n\u00e3o residente.<\/p>\n<p>Todas as empresas selecionadas devem desenvolver atividades de Pesquisa ou Desenvolvimento Tecnol\u00f3gico, Servi\u00e7os Tecnol\u00f3gicos, e que possuam em seus processos ou produtos, a inova\u00e7\u00e3o. O edital prev\u00ea ainda que estas devem se enquadrar em um dos segmentos:<\/p>\n<ol>\n<li>a) Agroneg\u00f3cio<\/li>\n<li>b) Biotecnologia<\/li>\n<li>c) Ci\u00eancias da Sa\u00fade e farmacologia<\/li>\n<li>d) Energia (fontes renov\u00e1veis, alternativas, biocombust\u00edvel)<\/li>\n<li>e) Microeletr\u00f4nica<\/li>\n<li>f) Nanotecnologia<\/li>\n<li>g) Qu\u00edmica<\/li>\n<li>h) Engenharias<\/li>\n<li>i) Tecnologia da Informa\u00e7\u00e3o e Comunica\u00e7\u00e3o<\/li>\n<li>j) Tecnologias Ambientais<\/li>\n<li>k) Tecnologias de Impacto Social<\/li>\n<\/ol>\n<p>As fases de pr\u00e9-incuba\u00e7\u00e3o e incuba\u00e7\u00e3o de empresas s\u00e3o conduzidas de maneira a apoiar os empreendimentos no desenvolvimento do seu modelo de neg\u00f3cios e desenvolvimentos dos neg\u00f3cios nos eixos gest\u00e3o, mercado, finan\u00e7as, tecnologia e empreendedor.<\/p>\n<p>Para conhecer melhor o programa e saber como se inscrever acesse o edital e a ficha de inscri\u00e7\u00e3o <a href=\"http:\/\/www.cdt.unb.br\/index\/chamadapublicadetalhada\/edital\/401\/?menu-topo=chamadas-publicas\">aqui<\/a>.<\/p>\n","protected":false},"excerpt":{"rendered":"<p>O Programa Multincubadora de Empresas, do Centro de Apoio ao<span class=\"excerpt-hellip\"> [\u2026]<\/span><\/p>\n","protected":false},"author":10,"featured_media":25760,"comment_status":"closed","ping_status":"closed","sticky":false,"template":"","format":"standard","meta":{"footnotes":"","_links_to":"","_links_to_target":""},"categories":[3],"tags":[],"calendar":[],"_links":{"self":[{"href":"https:\/\/anprotec.org.br\/site\/wp-json\/wp\/v2\/posts\/25742"}],"collection":[{"href":"https:\/\/anprotec.org.br\/site\/wp-json\/wp\/v2\/posts"}],"about":[{"href":"https:\/\/anprotec.org.br\/site\/wp-json\/wp\/v2\/types\/post"}],"author":[{"embeddable":true,"href":"https:\/\/anprotec.org.br\/site\/wp-json\/wp\/v2\/users\/10"}],"replies":[{"embeddable":true,"href":"https:\/\/anprotec.org.br\/site\/wp-json\/wp\/v2\/comments?post=25742"}],"version-history":[{"count":2,"href":"https:\/\/anprotec.org.br\/site\/wp-json\/wp\/v2\/posts\/25742\/revisions"}],"predecessor-version":[{"id":25762,"href":"https:\/\/anprotec.org.br\/site\/wp-json\/wp\/v2\/posts\/25742\/revisions\/25762"}],"wp:featuredmedia":[{"embeddable":true,"href":"https:\/\/anprotec.org.br\/site\/wp-json\/wp\/v2\/media\/25760"}],"wp:attachment":[{"href":"https:\/\/anprotec.org.br\/site\/wp-json\/wp\/v2\/media?parent=25742"}],"wp:term":[{"taxonomy":"category","embeddable":true,"href":"https:\/\/anprotec.org.br\/site\/wp-json\/wp\/v2\/categories?post=25742"},{"taxonomy":"post_tag","embeddable":true,"href":"https:\/\/anprotec.org.br\/site\/wp-json\/wp\/v2\/tags?post=25742"},{"taxonomy":"calendar","embeddable":true,"href":"https:\/\/anprotec.org.br\/site\/wp-json\/wp\/v2\/calendar?post=25742"}],"curies":[{"name":"wp","href":"https:\/\/api.w.org\/{rel}","templated":true}]}}