{"id":25700,"date":"2018-07-04T12:57:47","date_gmt":"2018-07-04T15:57:47","guid":{"rendered":"http:\/\/anprotec.org.br\/site\/?p=25700"},"modified":"2018-07-10T17:33:04","modified_gmt":"2018-07-10T20:33:04","slug":"encontro-ibero-americano-de-incubadoras-e-redes-do-brasil-reuniu-representantes-da-anprotec-reinovapr-e-pti","status":"publish","type":"post","link":"https:\/\/anprotec.org.br\/site\/2018\/07\/encontro-ibero-americano-de-incubadoras-e-redes-do-brasil-reuniu-representantes-da-anprotec-reinovapr-e-pti\/","title":{"rendered":"Encontro Ibero-Americano de Incubadoras e Redes do Brasil reuniu representantes da Anprotec, REINOVAPR e PTI"},"content":{"rendered":"<p style=\"text-align: justify\"><img decoding=\"async\" loading=\"lazy\" class=\" wp-image-25701 alignleft\" src=\"https:\/\/anprotec.org.br\/site\/wp-content\/uploads\/2018\/07\/f6b3b0e9-413e-4ce5-a1ab-ecefd8eba0a8.jpg\" alt=\"\" width=\"297\" height=\"192\" srcset=\"https:\/\/anprotec.org.br\/site\/wp-content\/uploads\/2018\/07\/f6b3b0e9-413e-4ce5-a1ab-ecefd8eba0a8.jpg 1002w, https:\/\/anprotec.org.br\/site\/wp-content\/uploads\/2018\/07\/f6b3b0e9-413e-4ce5-a1ab-ecefd8eba0a8-300x194.jpg 300w, https:\/\/anprotec.org.br\/site\/wp-content\/uploads\/2018\/07\/f6b3b0e9-413e-4ce5-a1ab-ecefd8eba0a8-768x497.jpg 768w, https:\/\/anprotec.org.br\/site\/wp-content\/uploads\/2018\/07\/f6b3b0e9-413e-4ce5-a1ab-ecefd8eba0a8-226x146.jpg 226w, https:\/\/anprotec.org.br\/site\/wp-content\/uploads\/2018\/07\/f6b3b0e9-413e-4ce5-a1ab-ecefd8eba0a8-50x32.jpg 50w, https:\/\/anprotec.org.br\/site\/wp-content\/uploads\/2018\/07\/f6b3b0e9-413e-4ce5-a1ab-ecefd8eba0a8-116x75.jpg 116w\" sizes=\"(max-width: 297px) 100vw, 297px\" \/>O Parque Tecnol\u00f3gico de Itaipu (PTI), associado \u00e0 Anprotec, sediou nos dias 2, 3 e 4 de julho o primeiro encontro Ibero-Americano de Incubadoras e Redes de base tecnol\u00f3gica do Brasil, que reuniu incubadoras de oito pa\u00edses e representantes da Rede Paranaense de Incubadoras e Aceleradoras de Empreendimentos Inovadores (REINOVAPR), tamb\u00e9m associada \u00e0 Anprotec, e da Incubadora Santos Dumont do PTI, e contou com a presen\u00e7a do presidente da Anprotec, Jos\u00e9 Alberto Sampaio Aranha.<\/p>\n<p style=\"text-align: justify\">Por meio da parceria entre Sebrae-PR e UBI Global, foi realizado um benchmark com as incubadoras de empresas do Paran\u00e1 para analisar posi\u00e7\u00f5es em compara\u00e7\u00e3o com a realidade nacional, global e com as melhores incubadoras do mundo.<\/p>\n<p style=\"text-align: justify\">Durante o evento, o Sebrae\/PR apresentou os indicadores consolidados da UBI Global para que fosse poss\u00edvel medir a gest\u00e3o das incubadoras do Paran\u00e1 e o aplicativo para medir os resultados dos empreendimentos incubados.<\/p>\n<p style=\"text-align: justify\">Esse projeto permite com que as incubadoras do Paran\u00e1 ganhem uma perspectiva internacional de acordo com seu desempenho.<\/p>\n<p style=\"text-align: justify\">A UBI Global \u00e9 l\u00edder na an\u00e1lise de desempenho da incuba\u00e7\u00e3o de empresas no mundo todo, e o benchmark da empresa ajuda as incubadoras e aceleradoras a se tornarem mais eficientes e competitivas.<\/p>\n<p style=\"text-align: justify\">Aranha exaltou a iniciativa do PTI e sublinhou a import\u00e2ncia do evento em raz\u00e3o da aproxima\u00e7\u00e3o com as demais redes.<\/p>\n<p><img decoding=\"async\" loading=\"lazy\" class=\" wp-image-25702 alignleft\" src=\"https:\/\/anprotec.org.br\/site\/wp-content\/uploads\/2018\/07\/d859931c-7f6f-41a2-8d30-cb9b604af6ad.jpg\" alt=\"\" width=\"889\" height=\"667\" srcset=\"https:\/\/anprotec.org.br\/site\/wp-content\/uploads\/2018\/07\/d859931c-7f6f-41a2-8d30-cb9b604af6ad.jpg 1280w, https:\/\/anprotec.org.br\/site\/wp-content\/uploads\/2018\/07\/d859931c-7f6f-41a2-8d30-cb9b604af6ad-300x225.jpg 300w, https:\/\/anprotec.org.br\/site\/wp-content\/uploads\/2018\/07\/d859931c-7f6f-41a2-8d30-cb9b604af6ad-768x576.jpg 768w, https:\/\/anprotec.org.br\/site\/wp-content\/uploads\/2018\/07\/d859931c-7f6f-41a2-8d30-cb9b604af6ad-1024x768.jpg 1024w, https:\/\/anprotec.org.br\/site\/wp-content\/uploads\/2018\/07\/d859931c-7f6f-41a2-8d30-cb9b604af6ad-195x146.jpg 195w, https:\/\/anprotec.org.br\/site\/wp-content\/uploads\/2018\/07\/d859931c-7f6f-41a2-8d30-cb9b604af6ad-50x38.jpg 50w, https:\/\/anprotec.org.br\/site\/wp-content\/uploads\/2018\/07\/d859931c-7f6f-41a2-8d30-cb9b604af6ad-100x75.jpg 100w, https:\/\/anprotec.org.br\/site\/wp-content\/uploads\/2018\/07\/d859931c-7f6f-41a2-8d30-cb9b604af6ad-960x720.jpg 960w\" sizes=\"(max-width: 889px) 100vw, 889px\" \/><\/p>\n","protected":false},"excerpt":{"rendered":"<p>O Parque Tecnol\u00f3gico de Itaipu (PTI), associado \u00e0 Anprotec, sediou<span class=\"excerpt-hellip\"> [\u2026]<\/span><\/p>\n","protected":false},"author":10,"featured_media":25701,"comment_status":"closed","ping_status":"closed","sticky":false,"template":"","format":"standard","meta":{"footnotes":"","_links_to":"","_links_to_target":""},"categories":[3],"tags":[],"calendar":[],"_links":{"self":[{"href":"https:\/\/anprotec.org.br\/site\/wp-json\/wp\/v2\/posts\/25700"}],"collection":[{"href":"https:\/\/anprotec.org.br\/site\/wp-json\/wp\/v2\/posts"}],"about":[{"href":"https:\/\/anprotec.org.br\/site\/wp-json\/wp\/v2\/types\/post"}],"author":[{"embeddable":true,"href":"https:\/\/anprotec.org.br\/site\/wp-json\/wp\/v2\/users\/10"}],"replies":[{"embeddable":true,"href":"https:\/\/anprotec.org.br\/site\/wp-json\/wp\/v2\/comments?post=25700"}],"version-history":[{"count":2,"href":"https:\/\/anprotec.org.br\/site\/wp-json\/wp\/v2\/posts\/25700\/revisions"}],"predecessor-version":[{"id":25756,"href":"https:\/\/anprotec.org.br\/site\/wp-json\/wp\/v2\/posts\/25700\/revisions\/25756"}],"wp:featuredmedia":[{"embeddable":true,"href":"https:\/\/anprotec.org.br\/site\/wp-json\/wp\/v2\/media\/25701"}],"wp:attachment":[{"href":"https:\/\/anprotec.org.br\/site\/wp-json\/wp\/v2\/media?parent=25700"}],"wp:term":[{"taxonomy":"category","embeddable":true,"href":"https:\/\/anprotec.org.br\/site\/wp-json\/wp\/v2\/categories?post=25700"},{"taxonomy":"post_tag","embeddable":true,"href":"https:\/\/anprotec.org.br\/site\/wp-json\/wp\/v2\/tags?post=25700"},{"taxonomy":"calendar","embeddable":true,"href":"https:\/\/anprotec.org.br\/site\/wp-json\/wp\/v2\/calendar?post=25700"}],"curies":[{"name":"wp","href":"https:\/\/api.w.org\/{rel}","templated":true}]}}