{"id":25696,"date":"2018-07-04T10:42:09","date_gmt":"2018-07-04T13:42:09","guid":{"rendered":"http:\/\/anprotec.org.br\/site\/?p=25696"},"modified":"2018-07-04T10:42:09","modified_gmt":"2018-07-04T13:42:09","slug":"comissao-e-frente-parlamentar-realizam-seminario-para-discutir-mudancas-na-lei-de-informatica","status":"publish","type":"post","link":"https:\/\/anprotec.org.br\/site\/2018\/07\/comissao-e-frente-parlamentar-realizam-seminario-para-discutir-mudancas-na-lei-de-informatica\/","title":{"rendered":"Comiss\u00e3o e frente parlamentar realizam semin\u00e1rio para discutir mudan\u00e7as na Lei de Inform\u00e1tica"},"content":{"rendered":"<p style=\"text-align: justify\"><img decoding=\"async\" loading=\"lazy\" class=\" wp-image-25697 alignleft\" src=\"https:\/\/anprotec.org.br\/site\/wp-content\/uploads\/2018\/07\/lei-da-informatica.jpg\" alt=\"\" width=\"260\" height=\"175\" srcset=\"https:\/\/anprotec.org.br\/site\/wp-content\/uploads\/2018\/07\/lei-da-informatica.jpg 384w, https:\/\/anprotec.org.br\/site\/wp-content\/uploads\/2018\/07\/lei-da-informatica-300x202.jpg 300w, https:\/\/anprotec.org.br\/site\/wp-content\/uploads\/2018\/07\/lei-da-informatica-217x146.jpg 217w, https:\/\/anprotec.org.br\/site\/wp-content\/uploads\/2018\/07\/lei-da-informatica-50x34.jpg 50w, https:\/\/anprotec.org.br\/site\/wp-content\/uploads\/2018\/07\/lei-da-informatica-112x75.jpg 112w\" sizes=\"(max-width: 260px) 100vw, 260px\" \/>A Comiss\u00e3o de Ci\u00eancia e Tecnologia, Comunica\u00e7\u00e3o e Inform\u00e1tica (CCTCI) e a\u00a0<span class=\"termoglossario\">Frente Parlamentar<\/span>\u00a0para o Desenvolvimento da Ind\u00fastria Eletroeletr\u00f4nica Nacional da C\u00e2mara dos Deputados realizam, nesta quinta-feira (5 de julho), um semin\u00e1rio para discutir os resultados da Lei de Inform\u00e1tica no Brasil (Lei\u00a0<a target=\"_blank\">8248\/91<\/a>).<\/p>\n<p style=\"text-align: justify\">A Lei de Inform\u00e1tica institui que as empresas que investirem em projetos e atividades de pesquisa e desenvolvimento em tecnologias da informa\u00e7\u00e3o poder\u00e3o pleitear isen\u00e7\u00e3o ou redu\u00e7\u00e3o do Imposto sobre Produtos Industrializados (IPI) para bens de inform\u00e1tica e automa\u00e7\u00e3o.<\/p>\n<p style=\"text-align: justify\">No requerimento para a realiza\u00e7\u00e3o do semin\u00e1rio, o deputado Bilac Pinto (DEM-MG) cita dados do Minist\u00e9rio de Ci\u00eancia, Tecnologia, Inova\u00e7\u00f5es e Comunica\u00e7\u00f5es (MCTIC), segundo os quais h\u00e1 aproximadamente 670 empresas produzindo tecnologia de informa\u00e7\u00e3o e comunica\u00e7\u00e3o no Brasil, que geram mais de 135 mil empregos diretos. Al\u00e9m disso, de acordo com o deputado, h\u00e1 18 mil pesquisadores envolvidos e 334 institui\u00e7\u00f5es de pesquisa credenciadas.<\/p>\n<p style=\"text-align: justify\">Por\u00e9m, lembra o deputado, os benef\u00edcios da Lei de Inform\u00e1tica foram questionados junto \u00e0 Organiza\u00e7\u00e3o Mundial do Com\u00e9rcio (OMC). O Painel da OMC encarregado de tratar do assunto emitiu um parecer desfavor\u00e1vel ao Brasil, que recorreu ao \u00f3rg\u00e3o de apela\u00e7\u00e3o da entidade.<\/p>\n<p style=\"text-align: justify\">\u201cDiante desse cen\u00e1rio, os incentivos atuais ao setor de inform\u00e1tica e automa\u00e7\u00e3o poder\u00e3o ser revistos. Por isso, o referido semin\u00e1rio ter\u00e1 como objetivo colher subs\u00eddios sobre o desempenho dessa pol\u00edtica p\u00fablica e os resultados dos investimentos em Pesquisa e Desenvolvimento no Brasil\u201d, afirmou Bilac Pinto.<\/p>\n<p style=\"text-align: justify\">O evento acontecer\u00e1 das 9h30 \u00e0s 13 horas no plen\u00e1rio 13 da C\u00e2mara. <a href=\"http:\/\/www.camara.leg.br\/internet\/ordemdodia\/ordemDetalheReuniaoCom.asp?codReuniao=53248\" target=\"_blank\" rel=\"noopener\">Confira\u00a0aqui<\/a><a target=\"_blank\">\u00a0<\/a>a programa\u00e7\u00e3o.<\/p>\n","protected":false},"excerpt":{"rendered":"<p>A Comiss\u00e3o de Ci\u00eancia e Tecnologia, Comunica\u00e7\u00e3o e Inform\u00e1tica (CCTCI)<span class=\"excerpt-hellip\"> [\u2026]<\/span><\/p>\n","protected":false},"author":10,"featured_media":25697,"comment_status":"closed","ping_status":"closed","sticky":false,"template":"","format":"standard","meta":{"footnotes":"","_links_to":"","_links_to_target":""},"categories":[3],"tags":[],"calendar":[],"_links":{"self":[{"href":"https:\/\/anprotec.org.br\/site\/wp-json\/wp\/v2\/posts\/25696"}],"collection":[{"href":"https:\/\/anprotec.org.br\/site\/wp-json\/wp\/v2\/posts"}],"about":[{"href":"https:\/\/anprotec.org.br\/site\/wp-json\/wp\/v2\/types\/post"}],"author":[{"embeddable":true,"href":"https:\/\/anprotec.org.br\/site\/wp-json\/wp\/v2\/users\/10"}],"replies":[{"embeddable":true,"href":"https:\/\/anprotec.org.br\/site\/wp-json\/wp\/v2\/comments?post=25696"}],"version-history":[{"count":1,"href":"https:\/\/anprotec.org.br\/site\/wp-json\/wp\/v2\/posts\/25696\/revisions"}],"predecessor-version":[{"id":25698,"href":"https:\/\/anprotec.org.br\/site\/wp-json\/wp\/v2\/posts\/25696\/revisions\/25698"}],"wp:featuredmedia":[{"embeddable":true,"href":"https:\/\/anprotec.org.br\/site\/wp-json\/wp\/v2\/media\/25697"}],"wp:attachment":[{"href":"https:\/\/anprotec.org.br\/site\/wp-json\/wp\/v2\/media?parent=25696"}],"wp:term":[{"taxonomy":"category","embeddable":true,"href":"https:\/\/anprotec.org.br\/site\/wp-json\/wp\/v2\/categories?post=25696"},{"taxonomy":"post_tag","embeddable":true,"href":"https:\/\/anprotec.org.br\/site\/wp-json\/wp\/v2\/tags?post=25696"},{"taxonomy":"calendar","embeddable":true,"href":"https:\/\/anprotec.org.br\/site\/wp-json\/wp\/v2\/calendar?post=25696"}],"curies":[{"name":"wp","href":"https:\/\/api.w.org\/{rel}","templated":true}]}}