{"id":25661,"date":"2018-06-29T15:34:41","date_gmt":"2018-06-29T18:34:41","guid":{"rendered":"http:\/\/anprotec.org.br\/site\/?p=25661"},"modified":"2018-07-02T13:08:05","modified_gmt":"2018-07-02T16:08:05","slug":"com-participacao-de-diretor-da-anprotec-sebrae-realiza-evento-nacional-para-startups","status":"publish","type":"post","link":"https:\/\/anprotec.org.br\/site\/2018\/06\/com-participacao-de-diretor-da-anprotec-sebrae-realiza-evento-nacional-para-startups\/","title":{"rendered":"Com a participa\u00e7\u00e3o de diretor da Anprotec, Sebrae realiza evento nacional para startups"},"content":{"rendered":"<p style=\"text-align: justify\">O Sebrae vai realizar nos pr\u00f3ximos dias 12 e 13 de julho em Florian\u00f3polis, a primeira edi\u00e7\u00e3o do Startup Summit, transformando a iniciativa Startup SC Summit em um evento nacional. A entidade atua para fortalecer o\u00a0ecossistema de startups no Brasil, por acreditar no potencial do setor de tecnologia e reconhece Santa Catarina como uma das refer\u00eancias no mercado brasileiro. O \u00faltimo lote de ingressos para o evento, que receber\u00e1 mais de 2 mil pessoas de todo o pa\u00eds, pode ser adquirido por meio deste link.<\/p>\n<p style=\"text-align: justify\">\u201cInovar \u00e9 requisito para aumentar a competitividade da economia brasileira e os pequenos neg\u00f3cios t\u00eam papel estrat\u00e9gico nesse processo, uma vez que s\u00e3o maioria (98,5%) das empresas formais no pa\u00eds, e a startups, que chegam ao mercado com prop\u00f3sitos transformadores, motivam o Sebrae a atuar fortemente no fomento \u00e0 inova\u00e7\u00e3o\u201d, diz Heloisa Menezes, diretora t\u00e9cnica e presidente em exerc\u00edcio do Sebrae. Segundo ela, o Startup Summit tornou-se uma iniciativa de abrang\u00eancia nacional, para \u201cpotencializar a conex\u00e3o entre pequenos neg\u00f3cios inovadores e o respectivo ecossistema, aproximando empreendedores e empres\u00e1rios, bem como institui\u00e7\u00f5es de apoio, impulsionando esses empreendimentos no ambiente digital\u201d.<\/p>\n<p style=\"text-align: justify\">Em Santa Catarina, o ecossistema de tecnologia j\u00e1 representa 5% do PIB. A capital Florian\u00f3polis possui a maior densidade de startups do pa\u00eds e \u00e9 reconhecida pela Endeavor, organiza\u00e7\u00e3o mundial de fomento ao empreendedorismo, como uma das principais cidades para se empreender no Brasil. \u201cO Startup Summit nasceu, inicialmente, da vontade de criar mais conex\u00f5es para o ecossistema catarinense. Agora, levamos isso \u00e0 escala nacional, o que vai contribuir para tornar este evento um dos principais do ecossistema de startups do pa\u00eds\u201d, comenta Alexandre Souza, gestor do Sebrae\/SC e coordenador do evento.<\/p>\n<p style=\"text-align: justify\">O Startup Summit j\u00e1 confirmou mais de cem palestrantes, que estar\u00e3o distribu\u00eddos em seis palcos. Al\u00e9m das palestras, haver\u00e1 uma feira de neg\u00f3cio, espa\u00e7o para startups, pra\u00e7a de alimenta\u00e7\u00e3o e happy hour com bandas formadas por empreendedores do ecossistema.<\/p>\n<p style=\"text-align: justify\">Trilha internacional &#8211; Ser\u00e3o seis palcos divididos conforme os principais desafios dos empreendedores de tecnologia. O palco Corporate vai reunir nomes internacionais e das empresas mais consolidadas de Santa Catarina para discutir como \u00e9 poss\u00edvel continuar inovando. A trilha contar\u00e1 com a participa\u00e7\u00e3o do diretor da Anprotec, Renato Valente, da Wayra Telefonica; Gilson Finkelsztain, da B3; Juarez Zortea, da TransUnion; e Rodrigo Galv\u00e3o, da Oracle Brasil;<\/p>\n<p style=\"text-align: justify\">O palco principal, Plen\u00e1ria, receber\u00e1 grandes representantes do mercado nacional, como Eric Santos, CEO da Resultados Digitais; Alessio Alion\u00e7o, CEO da Pipefy; entre outros nomes de peso que v\u00e3o palestrar e debater os desafios do setor.<\/p>\n<p style=\"text-align: justify\">No palco Ecossistema, haver\u00e1 debates sobre os desafios do Brasil no mercado tecnol\u00f3gico, os programas de apoio a startups, empresas internacionais em Santa Catarina, os impactos sociais do empreendedorismo tecnol\u00f3gico e as a\u00e7\u00f5es do governo para o setor.<\/p>\n<p style=\"text-align: justify\">No palco Tecnologia os participantes ter\u00e3o acesso \u00e0s principais tend\u00eancias do mercado, para produtos e gest\u00e3o, com representantes do Facebook, ContaAzul e IBM. Tamb\u00e9m haver\u00e1 o palco Opera\u00e7\u00e3o, que debater\u00e1 as m\u00e9tricas, m\u00e9todos, sucesso do cliente e cultura das organiza\u00e7\u00f5es. No palco Cases, os empreendedores v\u00e3o compartilhar suas hist\u00f3rias de supera\u00e7\u00e3o e sucesso, como cresceram em mercados tradicionais e como ajudaram a construir mercados que antes n\u00e3o existiam.<\/p>\n<p style=\"text-align: justify\"><strong>Servi\u00e7o<\/strong><\/p>\n<p style=\"text-align: justify\">O que: Startup Summit<\/p>\n<p style=\"text-align: justify\">Quando: 12 e 13 de Julho de 2018<\/p>\n<p style=\"text-align: justify\">Quanto: R$ 325,00, para os dois dias do evento<\/p>\n<p style=\"text-align: justify\">Onde: Centro de Eventos Luiz Henrique da Silveira, Rodovia SC-401, Km 01, S\/N &#8211; Trevo de Canasvieiras, Florian\u00f3polis<\/p>\n<p style=\"text-align: justify\">Inscri\u00e7\u00f5es:\u00a0<a href=\"http:\/\/www.startupsummit.sebrae.com.br\/\" target=\"_blank\" rel=\"noopener\">http:\/\/www.startupsummit.sebrae.com.br\/<\/a><\/p>\n<p>&nbsp;<\/p>\n<p><img decoding=\"async\" loading=\"lazy\" class=\"aligncenter size-full wp-image-25669\" src=\"https:\/\/anprotec.org.br\/site\/wp-content\/uploads\/2018\/06\/convite-geral-2.jpg\" alt=\"\" width=\"800\" height=\"800\" srcset=\"https:\/\/anprotec.org.br\/site\/wp-content\/uploads\/2018\/06\/convite-geral-2.jpg 800w, https:\/\/anprotec.org.br\/site\/wp-content\/uploads\/2018\/06\/convite-geral-2-300x300.jpg 300w, https:\/\/anprotec.org.br\/site\/wp-content\/uploads\/2018\/06\/convite-geral-2-768x768.jpg 768w, https:\/\/anprotec.org.br\/site\/wp-content\/uploads\/2018\/06\/convite-geral-2-146x146.jpg 146w, https:\/\/anprotec.org.br\/site\/wp-content\/uploads\/2018\/06\/convite-geral-2-50x50.jpg 50w, https:\/\/anprotec.org.br\/site\/wp-content\/uploads\/2018\/06\/convite-geral-2-75x75.jpg 75w, https:\/\/anprotec.org.br\/site\/wp-content\/uploads\/2018\/06\/convite-geral-2-85x85.jpg 85w, https:\/\/anprotec.org.br\/site\/wp-content\/uploads\/2018\/06\/convite-geral-2-80x80.jpg 80w\" sizes=\"(max-width: 800px) 100vw, 800px\" \/><\/p>\n","protected":false},"excerpt":{"rendered":"<p>O Sebrae vai realizar nos pr\u00f3ximos dias 12 e 13<span class=\"excerpt-hellip\"> [\u2026]<\/span><\/p>\n","protected":false},"author":10,"featured_media":25686,"comment_status":"closed","ping_status":"closed","sticky":false,"template":"","format":"standard","meta":{"footnotes":"","_links_to":"","_links_to_target":""},"categories":[3],"tags":[],"calendar":[],"_links":{"self":[{"href":"https:\/\/anprotec.org.br\/site\/wp-json\/wp\/v2\/posts\/25661"}],"collection":[{"href":"https:\/\/anprotec.org.br\/site\/wp-json\/wp\/v2\/posts"}],"about":[{"href":"https:\/\/anprotec.org.br\/site\/wp-json\/wp\/v2\/types\/post"}],"author":[{"embeddable":true,"href":"https:\/\/anprotec.org.br\/site\/wp-json\/wp\/v2\/users\/10"}],"replies":[{"embeddable":true,"href":"https:\/\/anprotec.org.br\/site\/wp-json\/wp\/v2\/comments?post=25661"}],"version-history":[{"count":1,"href":"https:\/\/anprotec.org.br\/site\/wp-json\/wp\/v2\/posts\/25661\/revisions"}],"predecessor-version":[{"id":25670,"href":"https:\/\/anprotec.org.br\/site\/wp-json\/wp\/v2\/posts\/25661\/revisions\/25670"}],"wp:featuredmedia":[{"embeddable":true,"href":"https:\/\/anprotec.org.br\/site\/wp-json\/wp\/v2\/media\/25686"}],"wp:attachment":[{"href":"https:\/\/anprotec.org.br\/site\/wp-json\/wp\/v2\/media?parent=25661"}],"wp:term":[{"taxonomy":"category","embeddable":true,"href":"https:\/\/anprotec.org.br\/site\/wp-json\/wp\/v2\/categories?post=25661"},{"taxonomy":"post_tag","embeddable":true,"href":"https:\/\/anprotec.org.br\/site\/wp-json\/wp\/v2\/tags?post=25661"},{"taxonomy":"calendar","embeddable":true,"href":"https:\/\/anprotec.org.br\/site\/wp-json\/wp\/v2\/calendar?post=25661"}],"curies":[{"name":"wp","href":"https:\/\/api.w.org\/{rel}","templated":true}]}}