{"id":25613,"date":"2018-06-26T14:02:48","date_gmt":"2018-06-26T17:02:48","guid":{"rendered":"http:\/\/anprotec.org.br\/site\/?p=25613"},"modified":"2018-06-26T14:02:48","modified_gmt":"2018-06-26T17:02:48","slug":"foz-do-iguacu-sedia-o-1o-encontro-interamericano-de-incubadoras-e-redes-entre-os-dias-2-e-4-de-julho","status":"publish","type":"post","link":"https:\/\/anprotec.org.br\/site\/2018\/06\/foz-do-iguacu-sedia-o-1o-encontro-interamericano-de-incubadoras-e-redes-entre-os-dias-2-e-4-de-julho\/","title":{"rendered":"Foz do Igua\u00e7u sedia o 1\u00ba Encontro Interamericano de Incubadoras e Redes entre os dias 2 e 4 de julho"},"content":{"rendered":"<p style=\"text-align: justify\"><img decoding=\"async\" loading=\"lazy\" class=\"alignleft  wp-image-25615\" src=\"https:\/\/anprotec.org.br\/site\/wp-content\/uploads\/2018\/06\/save-the-date.jpg\" alt=\"\" width=\"242\" height=\"178\" srcset=\"https:\/\/anprotec.org.br\/site\/wp-content\/uploads\/2018\/06\/save-the-date.jpg 900w, https:\/\/anprotec.org.br\/site\/wp-content\/uploads\/2018\/06\/save-the-date-300x220.jpg 300w, https:\/\/anprotec.org.br\/site\/wp-content\/uploads\/2018\/06\/save-the-date-768x564.jpg 768w, https:\/\/anprotec.org.br\/site\/wp-content\/uploads\/2018\/06\/save-the-date-199x146.jpg 199w, https:\/\/anprotec.org.br\/site\/wp-content\/uploads\/2018\/06\/save-the-date-50x37.jpg 50w, https:\/\/anprotec.org.br\/site\/wp-content\/uploads\/2018\/06\/save-the-date-102x75.jpg 102w\" sizes=\"(max-width: 242px) 100vw, 242px\" \/>Nos pr\u00f3ximos dias 2, 3 e 4 de julho ocorre o 1\u00ba Encontro Interamericano de Incubadoras e Redes no Espa\u00e7o Mercosul 1, no Parque Tecnol\u00f3gico de Itaipu, na cidade de Foz do Igua\u00e7u &#8211; PR.<\/p>\n<p style=\"text-align: justify\">Ser\u00e3o tr\u00eas dias de programa\u00e7\u00e3o, com oficinas, palestras, e debates para tratar sobre a elabora\u00e7\u00e3o de um planejamento estrat\u00e9gico, e celebrar parcerias.<\/p>\n<p style=\"text-align: justify\">O encontro ser\u00e1 coordenado pela Rede Ibero Americana de Incubadoras (RETEI), e, at\u00e9 o momento, oito pa\u00edses j\u00e1 confirmaram presen\u00e7a.<\/p>\n<p style=\"text-align: justify\">Dentre os assuntos que ser\u00e3o debatidos est\u00e3o o sistema internacional de indicadores de gest\u00e3o, pontos do plano geral e pr\u00f3ximos passos, al\u00e9m de uma confer\u00eancia com o tema \u201cRedes que desenvolvem ambientes colaborativos com seus associados\u201d.<\/p>\n<p style=\"text-align: justify\">Inscreva-se por esse link e participe!<\/p>\n<p style=\"text-align: justify\"><a href=\"https:\/\/webformspti.org.br\/incubadoras\" target=\"_blank\" rel=\"noopener\">https:\/\/webformspti.org.br\/incubadoras<\/a>.<\/p>\n<p><img decoding=\"async\" loading=\"lazy\" class=\"alignleft size-full wp-image-25614\" src=\"https:\/\/anprotec.org.br\/site\/wp-content\/uploads\/2018\/06\/IMG-20180621-WA0017.jpg\" alt=\"\" width=\"439\" height=\"1280\" srcset=\"https:\/\/anprotec.org.br\/site\/wp-content\/uploads\/2018\/06\/IMG-20180621-WA0017.jpg 439w, https:\/\/anprotec.org.br\/site\/wp-content\/uploads\/2018\/06\/IMG-20180621-WA0017-103x300.jpg 103w, https:\/\/anprotec.org.br\/site\/wp-content\/uploads\/2018\/06\/IMG-20180621-WA0017-351x1024.jpg 351w, https:\/\/anprotec.org.br\/site\/wp-content\/uploads\/2018\/06\/IMG-20180621-WA0017-50x146.jpg 50w, https:\/\/anprotec.org.br\/site\/wp-content\/uploads\/2018\/06\/IMG-20180621-WA0017-17x50.jpg 17w, https:\/\/anprotec.org.br\/site\/wp-content\/uploads\/2018\/06\/IMG-20180621-WA0017-26x75.jpg 26w\" sizes=\"(max-width: 439px) 100vw, 439px\" \/><\/p>\n","protected":false},"excerpt":{"rendered":"<p>Nos pr\u00f3ximos dias 2, 3 e 4 de julho ocorre<span class=\"excerpt-hellip\"> [\u2026]<\/span><\/p>\n","protected":false},"author":10,"featured_media":25615,"comment_status":"closed","ping_status":"closed","sticky":false,"template":"","format":"standard","meta":{"footnotes":"","_links_to":"","_links_to_target":""},"categories":[3],"tags":[],"calendar":[],"_links":{"self":[{"href":"https:\/\/anprotec.org.br\/site\/wp-json\/wp\/v2\/posts\/25613"}],"collection":[{"href":"https:\/\/anprotec.org.br\/site\/wp-json\/wp\/v2\/posts"}],"about":[{"href":"https:\/\/anprotec.org.br\/site\/wp-json\/wp\/v2\/types\/post"}],"author":[{"embeddable":true,"href":"https:\/\/anprotec.org.br\/site\/wp-json\/wp\/v2\/users\/10"}],"replies":[{"embeddable":true,"href":"https:\/\/anprotec.org.br\/site\/wp-json\/wp\/v2\/comments?post=25613"}],"version-history":[{"count":1,"href":"https:\/\/anprotec.org.br\/site\/wp-json\/wp\/v2\/posts\/25613\/revisions"}],"predecessor-version":[{"id":25616,"href":"https:\/\/anprotec.org.br\/site\/wp-json\/wp\/v2\/posts\/25613\/revisions\/25616"}],"wp:featuredmedia":[{"embeddable":true,"href":"https:\/\/anprotec.org.br\/site\/wp-json\/wp\/v2\/media\/25615"}],"wp:attachment":[{"href":"https:\/\/anprotec.org.br\/site\/wp-json\/wp\/v2\/media?parent=25613"}],"wp:term":[{"taxonomy":"category","embeddable":true,"href":"https:\/\/anprotec.org.br\/site\/wp-json\/wp\/v2\/categories?post=25613"},{"taxonomy":"post_tag","embeddable":true,"href":"https:\/\/anprotec.org.br\/site\/wp-json\/wp\/v2\/tags?post=25613"},{"taxonomy":"calendar","embeddable":true,"href":"https:\/\/anprotec.org.br\/site\/wp-json\/wp\/v2\/calendar?post=25613"}],"curies":[{"name":"wp","href":"https:\/\/api.w.org\/{rel}","templated":true}]}}