{"id":25559,"date":"2018-06-20T15:59:45","date_gmt":"2018-06-20T18:59:45","guid":{"rendered":"http:\/\/anprotec.org.br\/site\/?p=25559"},"modified":"2018-06-20T16:01:46","modified_gmt":"2018-06-20T19:01:46","slug":"xii-workshop-red-emprendesur-acontece-em-outubro-na-colombia","status":"publish","type":"post","link":"https:\/\/anprotec.org.br\/site\/2018\/06\/xii-workshop-red-emprendesur-acontece-em-outubro-na-colombia\/","title":{"rendered":"XII Workshop Red EmprendeSUR acontece em outubro, na Col\u00f4mbia"},"content":{"rendered":"<p style=\"text-align: justify\"><img decoding=\"async\" loading=\"lazy\" class=\" wp-image-25560 alignleft\" src=\"https:\/\/anprotec.org.br\/site\/wp-content\/uploads\/2018\/06\/b3c42766-4eff-4c1b-b6c5-831377aec1af.jpg\" alt=\"\" width=\"265\" height=\"187\" srcset=\"https:\/\/anprotec.org.br\/site\/wp-content\/uploads\/2018\/06\/b3c42766-4eff-4c1b-b6c5-831377aec1af.jpg 1280w, https:\/\/anprotec.org.br\/site\/wp-content\/uploads\/2018\/06\/b3c42766-4eff-4c1b-b6c5-831377aec1af-300x211.jpg 300w, https:\/\/anprotec.org.br\/site\/wp-content\/uploads\/2018\/06\/b3c42766-4eff-4c1b-b6c5-831377aec1af-768x540.jpg 768w, https:\/\/anprotec.org.br\/site\/wp-content\/uploads\/2018\/06\/b3c42766-4eff-4c1b-b6c5-831377aec1af-1024x720.jpg 1024w, https:\/\/anprotec.org.br\/site\/wp-content\/uploads\/2018\/06\/b3c42766-4eff-4c1b-b6c5-831377aec1af-208x146.jpg 208w, https:\/\/anprotec.org.br\/site\/wp-content\/uploads\/2018\/06\/b3c42766-4eff-4c1b-b6c5-831377aec1af-50x35.jpg 50w, https:\/\/anprotec.org.br\/site\/wp-content\/uploads\/2018\/06\/b3c42766-4eff-4c1b-b6c5-831377aec1af-107x75.jpg 107w\" sizes=\"(max-width: 265px) 100vw, 265px\" \/>O XII Workshop Red EmprendeSUR: Empreendedorismo e Inova\u00e7\u00e3o na Am\u00e9rica Latina acontecer\u00e1 entre os dias 17 e 19 de outubro, na cidade de Bucaramanga, na Col\u00f4mbia.<\/p>\n<p style=\"text-align: justify\">Realizado pela Rede de Empreendedorismo e Inova\u00e7\u00e3o na Am\u00e9rica Latina (EmprendeSUR), o Workshop tem por objetivo promover a troca de experi\u00eancias e boas pr\u00e1ticas sobre empreendedorismo e inova\u00e7\u00e3o na regi\u00e3o latino-americana.<\/p>\n<p style=\"text-align: justify\">A Rede de Empreendedorismo e Inova\u00e7\u00e3o na Am\u00e9rica Latina (EmprendeSUR), fundada em 2004, re\u00fane hoje mais de 400 acad\u00eamicos e profissionais que buscam ajudar a consolidar a vis\u00e3o sobre empreendedorismo e inova\u00e7\u00e3o, com base em contextos territoriais, econ\u00f4micos social e culturais.<\/p>\n<p style=\"text-align: justify\">O evento acontecer\u00e1 no Audit\u00f3rio Mayor UDES, no Campus Lagos del Cacique da Universidade de Santander, na Col\u00f4mbia.<\/p>\n<p style=\"text-align: justify\">Para saber mais, acesse: <a href=\"http:\/\/workshop.udes.edu.co\/\" target=\"_blank\" rel=\"noopener\">http:\/\/workshop.udes.edu.co\/<\/a><\/p>\n","protected":false},"excerpt":{"rendered":"<p>O XII Workshop Red EmprendeSUR: Empreendedorismo e Inova\u00e7\u00e3o na Am\u00e9rica<span class=\"excerpt-hellip\"> [\u2026]<\/span><\/p>\n","protected":false},"author":10,"featured_media":25563,"comment_status":"closed","ping_status":"closed","sticky":false,"template":"","format":"standard","meta":{"footnotes":"","_links_to":"","_links_to_target":""},"categories":[3],"tags":[],"calendar":[],"_links":{"self":[{"href":"https:\/\/anprotec.org.br\/site\/wp-json\/wp\/v2\/posts\/25559"}],"collection":[{"href":"https:\/\/anprotec.org.br\/site\/wp-json\/wp\/v2\/posts"}],"about":[{"href":"https:\/\/anprotec.org.br\/site\/wp-json\/wp\/v2\/types\/post"}],"author":[{"embeddable":true,"href":"https:\/\/anprotec.org.br\/site\/wp-json\/wp\/v2\/users\/10"}],"replies":[{"embeddable":true,"href":"https:\/\/anprotec.org.br\/site\/wp-json\/wp\/v2\/comments?post=25559"}],"version-history":[{"count":2,"href":"https:\/\/anprotec.org.br\/site\/wp-json\/wp\/v2\/posts\/25559\/revisions"}],"predecessor-version":[{"id":25562,"href":"https:\/\/anprotec.org.br\/site\/wp-json\/wp\/v2\/posts\/25559\/revisions\/25562"}],"wp:featuredmedia":[{"embeddable":true,"href":"https:\/\/anprotec.org.br\/site\/wp-json\/wp\/v2\/media\/25563"}],"wp:attachment":[{"href":"https:\/\/anprotec.org.br\/site\/wp-json\/wp\/v2\/media?parent=25559"}],"wp:term":[{"taxonomy":"category","embeddable":true,"href":"https:\/\/anprotec.org.br\/site\/wp-json\/wp\/v2\/categories?post=25559"},{"taxonomy":"post_tag","embeddable":true,"href":"https:\/\/anprotec.org.br\/site\/wp-json\/wp\/v2\/tags?post=25559"},{"taxonomy":"calendar","embeddable":true,"href":"https:\/\/anprotec.org.br\/site\/wp-json\/wp\/v2\/calendar?post=25559"}],"curies":[{"name":"wp","href":"https:\/\/api.w.org\/{rel}","templated":true}]}}