{"id":25460,"date":"2018-06-11T17:28:20","date_gmt":"2018-06-11T20:28:20","guid":{"rendered":"http:\/\/anprotec.org.br\/site\/?p=25460"},"modified":"2018-06-11T17:28:20","modified_gmt":"2018-06-11T20:28:20","slug":"ministro-destaca-importancia-de-startups-e-acoes-do-governo-para-o-setor","status":"publish","type":"post","link":"https:\/\/anprotec.org.br\/site\/2018\/06\/ministro-destaca-importancia-de-startups-e-acoes-do-governo-para-o-setor\/","title":{"rendered":"Ministro destaca import\u00e2ncia de startups e a\u00e7\u00f5es do governo para o setor"},"content":{"rendered":"<p style=\"text-align: justify\"><img decoding=\"async\" loading=\"lazy\" class=\"alignleft wp-image-25462\" src=\"https:\/\/anprotec.org.br\/site\/wp-content\/uploads\/2018\/06\/0406__Ministro_participa_de_forum_sobre_startups1-270x160.jpg\" alt=\"\" width=\"278\" height=\"165\" \/>O ministro da Ci\u00eancia, Tecnologia, Inova\u00e7\u00f5es e Comunica\u00e7\u00f5es, Gilberto Kassab, participou no dia 30 de maio do F\u00f3rum de Investimentos Brasil 2018, organizado pelo governo federal e o Banco Interamericano de Desenvolvimento (BID), e discutiu o ecossistema de startups e a atualiza\u00e7\u00e3o da Lei de Inform\u00e1tica, que permite investimentos no setor de tecnologia.<\/p>\n<p style=\"text-align: justify\">A atualiza\u00e7\u00e3o da Lei de Inform\u00e1tica por meio da Medida Provis\u00f3ria 810\/2017 vai simplificar os investimentos privados em pesquisa e desenvolvimento e permitir a aplica\u00e7\u00e3o dos recursos em inova\u00e7\u00e3o. A an\u00e1lise dos relat\u00f3rios de investimentos das empresas ser\u00e1 acelerada. Al\u00e9m disso, a MP incluiu uma modalidade de investimento destinada a startups, fundos e programas de apoio \u00e0s empresas de base tecnol\u00f3gica.<\/p>\n<p style=\"text-align: justify\">\u201cO governo brasileiro tem se organizado para atender os empreendedores do setor de startups, em especial nos \u00faltimos dois anos. Atender os interesses daqueles que querem empreender\u201d, afirmou o ministro.<\/p>\n<p style=\"text-align: justify\">Kassab explicou que o MCTIC tem projetos que podem oferecer apoio organizacional, de conhecimento e financeiro &#8211; que pode chegar a R$ 200 mil &#8211; a startups.<\/p>\n<p style=\"text-align: justify\">No ano passado, o MCTIC lan\u00e7ou nova etapa do programa Start-Up Brasil com um edital no valor de R$ 9,7 milh\u00f5es destinados a 50 projetos. Cada empresa nascente de base tecnol\u00f3gica vai receber at\u00e9 R$ 200 mil. Os recursos s\u00e3o do or\u00e7amento do MCTIC.<\/p>\n<p style=\"text-align: justify\">O painel sobre startups teve debate com Maria Rita Spina Bueno, diretora executiva da Anjos do Brasil, incubadora de projetos; Denis Mizne, CEO da Funda\u00e7\u00e3o Lemann; e Christina Junqueira, co-fundadora da empresa Nubank, empresa de tecnologia financeira e servi\u00e7os banc\u00e1rios.<\/p>\n<p style=\"text-align: justify\">O ministro Gilberto Kassab tamb\u00e9m teve reuni\u00f5es com investidores presentes ao f\u00f3rum, realizado entre os dias 28 e 30, em S\u00e3o Paulo.<\/p>\n<p style=\"text-align: justify\"><em>*Fonte: MCTIC<\/em><\/p>\n","protected":false},"excerpt":{"rendered":"<p>O ministro da Ci\u00eancia, Tecnologia, Inova\u00e7\u00f5es e Comunica\u00e7\u00f5es, Gilberto Kassab,<span class=\"excerpt-hellip\"> [\u2026]<\/span><\/p>\n","protected":false},"author":10,"featured_media":25462,"comment_status":"closed","ping_status":"closed","sticky":false,"template":"","format":"standard","meta":{"footnotes":"","_links_to":"","_links_to_target":""},"categories":[3],"tags":[],"calendar":[],"_links":{"self":[{"href":"https:\/\/anprotec.org.br\/site\/wp-json\/wp\/v2\/posts\/25460"}],"collection":[{"href":"https:\/\/anprotec.org.br\/site\/wp-json\/wp\/v2\/posts"}],"about":[{"href":"https:\/\/anprotec.org.br\/site\/wp-json\/wp\/v2\/types\/post"}],"author":[{"embeddable":true,"href":"https:\/\/anprotec.org.br\/site\/wp-json\/wp\/v2\/users\/10"}],"replies":[{"embeddable":true,"href":"https:\/\/anprotec.org.br\/site\/wp-json\/wp\/v2\/comments?post=25460"}],"version-history":[{"count":1,"href":"https:\/\/anprotec.org.br\/site\/wp-json\/wp\/v2\/posts\/25460\/revisions"}],"predecessor-version":[{"id":25463,"href":"https:\/\/anprotec.org.br\/site\/wp-json\/wp\/v2\/posts\/25460\/revisions\/25463"}],"wp:featuredmedia":[{"embeddable":true,"href":"https:\/\/anprotec.org.br\/site\/wp-json\/wp\/v2\/media\/25462"}],"wp:attachment":[{"href":"https:\/\/anprotec.org.br\/site\/wp-json\/wp\/v2\/media?parent=25460"}],"wp:term":[{"taxonomy":"category","embeddable":true,"href":"https:\/\/anprotec.org.br\/site\/wp-json\/wp\/v2\/categories?post=25460"},{"taxonomy":"post_tag","embeddable":true,"href":"https:\/\/anprotec.org.br\/site\/wp-json\/wp\/v2\/tags?post=25460"},{"taxonomy":"calendar","embeddable":true,"href":"https:\/\/anprotec.org.br\/site\/wp-json\/wp\/v2\/calendar?post=25460"}],"curies":[{"name":"wp","href":"https:\/\/api.w.org\/{rel}","templated":true}]}}