{"id":25457,"date":"2018-06-11T17:22:35","date_gmt":"2018-06-11T20:22:35","guid":{"rendered":"http:\/\/anprotec.org.br\/site\/?p=25457"},"modified":"2018-06-11T17:22:35","modified_gmt":"2018-06-11T20:22:35","slug":"global-impact-challenge-tem-inscricoes-abertas-ate-15-06","status":"publish","type":"post","link":"https:\/\/anprotec.org.br\/site\/2018\/06\/global-impact-challenge-tem-inscricoes-abertas-ate-15-06\/","title":{"rendered":"Global Impact Challenge tem inscri\u00e7\u00f5es abertas at\u00e9 15\/06"},"content":{"rendered":"<p style=\"text-align: justify\"><img decoding=\"async\" loading=\"lazy\" class=\"alignleft  wp-image-25458\" src=\"https:\/\/anprotec.org.br\/site\/wp-content\/uploads\/2018\/06\/sindularity-270x160.png\" alt=\"\" width=\"255\" height=\"151\" \/>Com inscri\u00e7\u00f5es abertas at\u00e9 15 de junho, a competi\u00e7\u00e3o Global Impact Challenge ir\u00e1 revelar para o mundo projetos capazes de transformar e gerar impacto positivo na educa\u00e7\u00e3o de um bilh\u00e3o de pessoas nos pr\u00f3ximos 10 anos.<\/p>\n<p style=\"text-align: justify\">A competi\u00e7\u00e3o \u00e9 voltada \u00e0 empreendedores ou profissionais de tecnologia da \u00e1rea de educa\u00e7\u00e3o que buscam revolucionar a forma de aprender e ensinar, com inova\u00e7\u00e3o e modelos disruptivos.<\/p>\n<p style=\"text-align: justify\">Empresas e startups de todo o Brasil j\u00e1 est\u00e3o participando e as semifinais acontecer\u00e3o em algumas capitais do pa\u00eds (S\u00e3o Paulo, Recife e Porto Alegre).<\/p>\n<p style=\"text-align: justify\">O pr\u00eamio ser\u00e1 um programa de oito semanas para a acelera\u00e7\u00e3o do projeto vencedor na Singularity University do Vale do Sil\u00edcio.<\/p>\n<p style=\"text-align: justify\"><a href=\"https:\/\/singularityu-brazil-gic.slideroom.com\/#\/login\/program\/42421\" target=\"_blank\" rel=\"noopener\">Clique aqui<\/a> para conferir o regulamento e para inscrever-se.<\/p>\n","protected":false},"excerpt":{"rendered":"<p>Com inscri\u00e7\u00f5es abertas at\u00e9 15 de junho, a competi\u00e7\u00e3o Global<span class=\"excerpt-hellip\"> [\u2026]<\/span><\/p>\n","protected":false},"author":10,"featured_media":25458,"comment_status":"closed","ping_status":"closed","sticky":false,"template":"","format":"standard","meta":{"footnotes":"","_links_to":"","_links_to_target":""},"categories":[3],"tags":[],"calendar":[],"_links":{"self":[{"href":"https:\/\/anprotec.org.br\/site\/wp-json\/wp\/v2\/posts\/25457"}],"collection":[{"href":"https:\/\/anprotec.org.br\/site\/wp-json\/wp\/v2\/posts"}],"about":[{"href":"https:\/\/anprotec.org.br\/site\/wp-json\/wp\/v2\/types\/post"}],"author":[{"embeddable":true,"href":"https:\/\/anprotec.org.br\/site\/wp-json\/wp\/v2\/users\/10"}],"replies":[{"embeddable":true,"href":"https:\/\/anprotec.org.br\/site\/wp-json\/wp\/v2\/comments?post=25457"}],"version-history":[{"count":1,"href":"https:\/\/anprotec.org.br\/site\/wp-json\/wp\/v2\/posts\/25457\/revisions"}],"predecessor-version":[{"id":25459,"href":"https:\/\/anprotec.org.br\/site\/wp-json\/wp\/v2\/posts\/25457\/revisions\/25459"}],"wp:featuredmedia":[{"embeddable":true,"href":"https:\/\/anprotec.org.br\/site\/wp-json\/wp\/v2\/media\/25458"}],"wp:attachment":[{"href":"https:\/\/anprotec.org.br\/site\/wp-json\/wp\/v2\/media?parent=25457"}],"wp:term":[{"taxonomy":"category","embeddable":true,"href":"https:\/\/anprotec.org.br\/site\/wp-json\/wp\/v2\/categories?post=25457"},{"taxonomy":"post_tag","embeddable":true,"href":"https:\/\/anprotec.org.br\/site\/wp-json\/wp\/v2\/tags?post=25457"},{"taxonomy":"calendar","embeddable":true,"href":"https:\/\/anprotec.org.br\/site\/wp-json\/wp\/v2\/calendar?post=25457"}],"curies":[{"name":"wp","href":"https:\/\/api.w.org\/{rel}","templated":true}]}}