{"id":25454,"date":"2018-06-11T12:25:33","date_gmt":"2018-06-11T15:25:33","guid":{"rendered":"http:\/\/anprotec.org.br\/site\/?p=25454"},"modified":"2018-06-11T12:26:18","modified_gmt":"2018-06-11T15:26:18","slug":"natura-prorroga-prazo-de-inscricao-para-o-programa-de-aceleracao-de-startups","status":"publish","type":"post","link":"https:\/\/anprotec.org.br\/site\/2018\/06\/natura-prorroga-prazo-de-inscricao-para-o-programa-de-aceleracao-de-startups\/","title":{"rendered":"Natura prorroga prazo de inscri\u00e7\u00e3o para o programa de acelera\u00e7\u00e3o de startups"},"content":{"rendered":"<p style=\"text-align: justify\"><img decoding=\"async\" loading=\"lazy\" class=\"alignleft wp-image-25455\" src=\"https:\/\/anprotec.org.br\/site\/wp-content\/uploads\/2018\/06\/Sem-t\u00edtulo-1-270x160.png\" alt=\"\" width=\"285\" height=\"169\" \/>A Natura, em parceria com o CESAR, prorrogou as inscri\u00e7\u00f5es para os interessados em participar do primeiro Programa de Acelera\u00e7\u00e3o de Startups da empresa. O prazo final \u00e9 dia 17 de junho e os candidatos podem fazer o cadastro em: <a href=\"http:\/\/www.natura.com.br\/startups\" target=\"_blank\" rel=\"noopener\">www.natura.com.br\/startups<\/a><\/p>\n<p style=\"text-align: justify\">O objetivo do Programa de Acelera\u00e7\u00e3o \u00e9 estimular o crescimento de <em>startups<\/em> em segmentos de mercado de interesse da Natura, contribuindo para acelerar a inova\u00e7\u00e3o e supera\u00e7\u00e3o de desafios dentro da empresa, em uma rela\u00e7\u00e3o de colabora\u00e7\u00e3o e incentivo m\u00fatuo. Na chamada p\u00fablica para participa\u00e7\u00e3o, as <em>startups<\/em> ter\u00e3o que propor solu\u00e7\u00f5es para desafios estrat\u00e9gicos da Natura, j\u00e1 mapeados para o programa e comunicados no portal.<\/p>\n<p style=\"text-align: justify\">\u201cAcreditamos que esta iniciativa contribui para o desenvolvimento do ecossistema de <em>startups<\/em> no pa\u00eds, ajudando no desenvolvimento e amadurecimento para que elas se tornem mais competitivas no mercado\u201d, afirma Luciano Abrantes, diretor de inova\u00e7\u00e3o digital da Natura.<\/p>\n<p style=\"text-align: justify\">As <em>startups<\/em> pr\u00e9-selecionadas passar\u00e3o por um Comit\u00ea de Investimentos, realizado em parceria com o CESAR.Labs, programa de acelera\u00e7\u00e3o de empresas do CESAR, no qual ser\u00e3o avaliadas as necessidades das empresas selecionadas e o aporte de recursos financeiros, em parceria com investidores-anjo, no valor de at\u00e9 R$ 100 mil. A partir da assinatura do contrato, ser\u00e3o nove meses de acelera\u00e7\u00e3o, no qual a Natura ir\u00e1 contribuir para o desenvolvimento dessas empresas por meio da proposi\u00e7\u00e3o de desafios, apoio e execu\u00e7\u00e3o do programa e mentorias com executivos ao longo da dura\u00e7\u00e3o do programa.\u00a0 Ao fim do ciclo, as <em>startups<\/em> poder\u00e3o ser contratadas pela Natura como parceiras.<\/p>\n<p style=\"text-align: justify\">A iniciativa faz parte do Programa Natura Startups, lan\u00e7ado em 2016, com o prop\u00f3sito de fomentar a cultura inovadora dentro da Natura e incentivar o empreendedorismo e o ecossistema de <em>startups<\/em> envolvidos com a empresa.<\/p>\n","protected":false},"excerpt":{"rendered":"<p>A Natura, em parceria com o CESAR, prorrogou as inscri\u00e7\u00f5es<span class=\"excerpt-hellip\"> [\u2026]<\/span><\/p>\n","protected":false},"author":10,"featured_media":25455,"comment_status":"closed","ping_status":"closed","sticky":false,"template":"","format":"standard","meta":{"footnotes":"","_links_to":"","_links_to_target":""},"categories":[3],"tags":[],"calendar":[],"_links":{"self":[{"href":"https:\/\/anprotec.org.br\/site\/wp-json\/wp\/v2\/posts\/25454"}],"collection":[{"href":"https:\/\/anprotec.org.br\/site\/wp-json\/wp\/v2\/posts"}],"about":[{"href":"https:\/\/anprotec.org.br\/site\/wp-json\/wp\/v2\/types\/post"}],"author":[{"embeddable":true,"href":"https:\/\/anprotec.org.br\/site\/wp-json\/wp\/v2\/users\/10"}],"replies":[{"embeddable":true,"href":"https:\/\/anprotec.org.br\/site\/wp-json\/wp\/v2\/comments?post=25454"}],"version-history":[{"count":1,"href":"https:\/\/anprotec.org.br\/site\/wp-json\/wp\/v2\/posts\/25454\/revisions"}],"predecessor-version":[{"id":25456,"href":"https:\/\/anprotec.org.br\/site\/wp-json\/wp\/v2\/posts\/25454\/revisions\/25456"}],"wp:featuredmedia":[{"embeddable":true,"href":"https:\/\/anprotec.org.br\/site\/wp-json\/wp\/v2\/media\/25455"}],"wp:attachment":[{"href":"https:\/\/anprotec.org.br\/site\/wp-json\/wp\/v2\/media?parent=25454"}],"wp:term":[{"taxonomy":"category","embeddable":true,"href":"https:\/\/anprotec.org.br\/site\/wp-json\/wp\/v2\/categories?post=25454"},{"taxonomy":"post_tag","embeddable":true,"href":"https:\/\/anprotec.org.br\/site\/wp-json\/wp\/v2\/tags?post=25454"},{"taxonomy":"calendar","embeddable":true,"href":"https:\/\/anprotec.org.br\/site\/wp-json\/wp\/v2\/calendar?post=25454"}],"curies":[{"name":"wp","href":"https:\/\/api.w.org\/{rel}","templated":true}]}}