{"id":25416,"date":"2018-06-07T14:39:50","date_gmt":"2018-06-07T17:39:50","guid":{"rendered":"http:\/\/anprotec.org.br\/site\/?p=25416"},"modified":"2018-06-13T17:39:32","modified_gmt":"2018-06-13T20:39:32","slug":"anprotec-ice-e-sebrae-lancam-ebook-sobre-negocios-de-impacto","status":"publish","type":"post","link":"https:\/\/anprotec.org.br\/site\/2018\/06\/anprotec-ice-e-sebrae-lancam-ebook-sobre-negocios-de-impacto\/","title":{"rendered":"Anprotec, ICE e Sebrae lan\u00e7am ebook sobre neg\u00f3cios de impacto"},"content":{"rendered":"<p style=\"text-align: justify\"><img decoding=\"async\" loading=\"lazy\" class=\"alignleft wp-image-25417\" src=\"https:\/\/anprotec.org.br\/site\/wp-content\/uploads\/2018\/06\/IMG_7618-270x160.jpg\" alt=\"\" width=\"261\" height=\"155\" \/>Nessa quinta-feira (7 de junho), a Anprotec, o Instituto de Cidadania Empresarial (ICE) e o Sebrae lan\u00e7aram o ebook \u201cNeg\u00f3cios de Impacto: como incubadoras e aceleradoras podem contribuir para a cria\u00e7\u00e3o e o fortalecimento de neg\u00f3cios que oferecem solu\u00e7\u00f5es para problemas sociais e ambientais\u201d, durante o F\u00f3rum de Finan\u00e7as Sociais e Neg\u00f3cios de Impacto \u201cInvestir para transformar\u201d, em S\u00e3o Paulo &#8211; SP.<\/p>\n<p style=\"text-align: justify\">Elaborado por Fernanda Bombardi, gerente executiva do ICE, com colabora\u00e7\u00e3o e revis\u00e3o de Marcel Fukayama e Samir Hamra, o ebook tem o objetivo de apresentar reflex\u00f5es e caminhos sobre o tema, apontando o contexto para o surgimento dos neg\u00f3cios de impacto no Brasil e no mundo e conceitos que est\u00e3o sendo elaborados para a organiza\u00e7\u00e3o desse segmento.<\/p>\n<p style=\"text-align: justify\">De acordo com a publica\u00e7\u00e3o, as solu\u00e7\u00f5es de problemas sociais, ambientais e econ\u00f4micos j\u00e1 s\u00e3o assunto recorrente no movimento do empreendedorismo inovador. Isso demonstra que os neg\u00f3cios de impacto vieram para ficar e devem ser estimulados. Nesse contexto, o e-book questiona o papel das incubadoras e aceleradoras de empresas na promo\u00e7\u00e3o desses neg\u00f3cios, e os mecanismos para foment\u00e1-los de maneira rent\u00e1vel e que atendam \u00e0s demandas da sociedade.<\/p>\n<p style=\"text-align: justify\"><img decoding=\"async\" loading=\"lazy\" class=\"alignleft wp-image-25418\" src=\"https:\/\/anprotec.org.br\/site\/wp-content\/uploads\/2018\/06\/IMG_7626-270x160.jpg\" alt=\"\" width=\"241\" height=\"143\" \/>\u201cO e-book traz um pouco do aprendizado que essas tr\u00eas organiza\u00e7\u00f5es [Anprotec, ICE e Sebrae] reuniram nos \u00faltimos tr\u00eas anos de trabalho no tema. Tamb\u00e9m contamos com o apoio da D\u00ednamo, que tamb\u00e9m vem apoiando empreendedores de impacto nos \u00faltimos anos\u201d, ressaltou Fernanda ao anunciar a publica\u00e7\u00e3o do material durante o evento.<\/p>\n<p style=\"text-align: justify\"><a href=\"https:\/\/informativo.anprotec.org.br\/ebook-negocios-de-impacto\" target=\"_blank\" rel=\"noopener\">Clique aqui<\/a> e baixe o ebook Neg\u00f3cios de Impacto.<\/p>\n<p>&nbsp;<\/p>\n<p><img decoding=\"async\" loading=\"lazy\" class=\"aligncenter  wp-image-25503\" src=\"https:\/\/anprotec.org.br\/site\/wp-content\/uploads\/2018\/06\/capa-ebook-1.png\" alt=\"\" width=\"838\" height=\"476\" srcset=\"https:\/\/anprotec.org.br\/site\/wp-content\/uploads\/2018\/06\/capa-ebook-1.png 908w, https:\/\/anprotec.org.br\/site\/wp-content\/uploads\/2018\/06\/capa-ebook-1-300x170.png 300w, https:\/\/anprotec.org.br\/site\/wp-content\/uploads\/2018\/06\/capa-ebook-1-768x436.png 768w, https:\/\/anprotec.org.br\/site\/wp-content\/uploads\/2018\/06\/capa-ebook-1-257x146.png 257w, https:\/\/anprotec.org.br\/site\/wp-content\/uploads\/2018\/06\/capa-ebook-1-50x28.png 50w, https:\/\/anprotec.org.br\/site\/wp-content\/uploads\/2018\/06\/capa-ebook-1-132x75.png 132w\" sizes=\"(max-width: 838px) 100vw, 838px\" \/><\/p>\n","protected":false},"excerpt":{"rendered":"<p>Nessa quinta-feira (7 de junho), a Anprotec, o Instituto de<span class=\"excerpt-hellip\"> [\u2026]<\/span><\/p>\n","protected":false},"author":10,"featured_media":25417,"comment_status":"closed","ping_status":"closed","sticky":false,"template":"","format":"standard","meta":{"footnotes":"","_links_to":"","_links_to_target":""},"categories":[3],"tags":[],"calendar":[],"_links":{"self":[{"href":"https:\/\/anprotec.org.br\/site\/wp-json\/wp\/v2\/posts\/25416"}],"collection":[{"href":"https:\/\/anprotec.org.br\/site\/wp-json\/wp\/v2\/posts"}],"about":[{"href":"https:\/\/anprotec.org.br\/site\/wp-json\/wp\/v2\/types\/post"}],"author":[{"embeddable":true,"href":"https:\/\/anprotec.org.br\/site\/wp-json\/wp\/v2\/users\/10"}],"replies":[{"embeddable":true,"href":"https:\/\/anprotec.org.br\/site\/wp-json\/wp\/v2\/comments?post=25416"}],"version-history":[{"count":2,"href":"https:\/\/anprotec.org.br\/site\/wp-json\/wp\/v2\/posts\/25416\/revisions"}],"predecessor-version":[{"id":25505,"href":"https:\/\/anprotec.org.br\/site\/wp-json\/wp\/v2\/posts\/25416\/revisions\/25505"}],"wp:featuredmedia":[{"embeddable":true,"href":"https:\/\/anprotec.org.br\/site\/wp-json\/wp\/v2\/media\/25417"}],"wp:attachment":[{"href":"https:\/\/anprotec.org.br\/site\/wp-json\/wp\/v2\/media?parent=25416"}],"wp:term":[{"taxonomy":"category","embeddable":true,"href":"https:\/\/anprotec.org.br\/site\/wp-json\/wp\/v2\/categories?post=25416"},{"taxonomy":"post_tag","embeddable":true,"href":"https:\/\/anprotec.org.br\/site\/wp-json\/wp\/v2\/tags?post=25416"},{"taxonomy":"calendar","embeddable":true,"href":"https:\/\/anprotec.org.br\/site\/wp-json\/wp\/v2\/calendar?post=25416"}],"curies":[{"name":"wp","href":"https:\/\/api.w.org\/{rel}","templated":true}]}}