{"id":25410,"date":"2018-06-06T17:44:03","date_gmt":"2018-06-06T20:44:03","guid":{"rendered":"http:\/\/anprotec.org.br\/site\/?p=25410"},"modified":"2018-06-06T17:44:03","modified_gmt":"2018-06-06T20:44:03","slug":"lider-tematico-de-aceleradoras-aborda-programa-de-aceleracao-e-informacoes-adicionais-do-grupo","status":"publish","type":"post","link":"https:\/\/anprotec.org.br\/site\/2018\/06\/lider-tematico-de-aceleradoras-aborda-programa-de-aceleracao-e-informacoes-adicionais-do-grupo\/","title":{"rendered":"L\u00edder tem\u00e1tico de Aceleradoras aborda programa de acelera\u00e7\u00e3o e informa\u00e7\u00f5es adicionais do grupo"},"content":{"rendered":"<p style=\"text-align: justify\"><img decoding=\"async\" loading=\"lazy\" class=\"alignleft  wp-image-25411\" src=\"https:\/\/anprotec.org.br\/site\/wp-content\/uploads\/2018\/06\/aceleradora-270x160.jpeg\" alt=\"\" width=\"304\" height=\"180\" \/>Com objetivo de discutir temas relacionados ao desenvolvimento das aceleradoras e, tamb\u00e9m, aos programas de acelera\u00e7\u00e3o conduzidos pelas institui\u00e7\u00f5es associadas \u00e0 Anprotec, o grupo Aceleradoras conta com cerca de 30 participantes ativos e tem como L\u00edder Tem\u00e1tico o fundador e diretor executivo da aceleradora Ventiur, Sandro Cortezia.<\/p>\n<p style=\"text-align: justify\">As aceleradoras s\u00e3o entidades jur\u00eddicas dedicadas a apoiar o desenvolvimento inicial de novos neg\u00f3cios inovadores atrav\u00e9s de sele\u00e7\u00e3o, capacita\u00e7\u00f5es, mentoria, oportunidades de acesso a mercados, aporte financeiro inicial, etc., em troca de uma poss\u00edvel participa\u00e7\u00e3o societ\u00e1ria nos neg\u00f3cios acelerados. Com o tempo, diversas iniciativas para a acelera\u00e7\u00e3o de startups surgiram, como os programas de acelera\u00e7\u00e3o, que s\u00e3o coordenados por organiza\u00e7\u00f5es n\u00e3o dedicadas a essa atividade.<\/p>\n<p style=\"text-align: justify\">Segundo Cortezia, os assuntos tratados pelo grupo s\u00e3o os de interesse das aceleradoras. \u201cNos \u00faltimos tempos, o assunto priorit\u00e1rio estavam sendo, e ainda s\u00e3o, de certa forma, a continuidade do Start-Up Brasil, que deu in\u00edcio \u00e0 opera\u00e7\u00e3o de nova turma de acelera\u00e7\u00e3o\u201d, explicou. \u201cTrabalhamos com o Governo nas discuss\u00f5es sobre essa continuidade e, tamb\u00e9m, sobre o lan\u00e7amento de algumas melhorias e aprimoramentos\u201d, completou.<\/p>\n<p><img decoding=\"async\" loading=\"lazy\" class=\"alignleft wp-image-25414 \" style=\"text-align: justify\" src=\"https:\/\/anprotec.org.br\/site\/wp-content\/uploads\/2018\/06\/Sandro1.jpg\" alt=\"\" width=\"126\" height=\"203\" srcset=\"https:\/\/anprotec.org.br\/site\/wp-content\/uploads\/2018\/06\/Sandro1.jpg 811w, https:\/\/anprotec.org.br\/site\/wp-content\/uploads\/2018\/06\/Sandro1-186x300.jpg 186w, https:\/\/anprotec.org.br\/site\/wp-content\/uploads\/2018\/06\/Sandro1-768x1240.jpg 768w, https:\/\/anprotec.org.br\/site\/wp-content\/uploads\/2018\/06\/Sandro1-634x1024.jpg 634w, https:\/\/anprotec.org.br\/site\/wp-content\/uploads\/2018\/06\/Sandro1-90x146.jpg 90w, https:\/\/anprotec.org.br\/site\/wp-content\/uploads\/2018\/06\/Sandro1-31x50.jpg 31w, https:\/\/anprotec.org.br\/site\/wp-content\/uploads\/2018\/06\/Sandro1-46x75.jpg 46w\" sizes=\"(max-width: 126px) 100vw, 126px\" \/><\/p>\n<p style=\"text-align: justify\">O programa Start-Up Brasil \u00e9 uma iniciativa do Governo Federal, criado pelo Minist\u00e9rio da Ci\u00eancia, Tecnologia, Inova\u00e7\u00f5es e Comunica\u00e7\u00f5es (MCTIC) em parceria com aceleradoras para apoiar e fomentar startups. O programa atua em edi\u00e7\u00f5es com um ano de dura\u00e7\u00e3o cada, nas quais s\u00e3o lan\u00e7adas at\u00e9 duas chamadas p\u00fablicas: uma para qualificar e habilitar aceleradoras e outra para a sele\u00e7\u00e3o de startups, com rodadas semestrais.<\/p>\n<p style=\"text-align: justify\">\u201cTodas as trocas de experi\u00eancias e o compartilhamento de conhecimentos que temos feito h\u00e1 algum tempo t\u00eam sido fundamentais para a melhoria dos processos de acelera\u00e7\u00e3o de todos n\u00f3s\u201d, ressaltou Cortezia.<\/p>\n<p style=\"text-align: justify\">Para os interessados em participar do grupo, o l\u00edder tem\u00e1tico diz que, al\u00e9m de ser vinculado a uma institui\u00e7\u00e3o associada \u00e0 Anprotec, \u00e9 preciso ter, basicamente, interesse no tema de aceleradoras ou programas de acelera\u00e7\u00e3o. \u201cAos que quiserem integrar o grupo, podem entrar em contato comigo. Estou \u00e0 disposi\u00e7\u00e3o para dar mais informa\u00e7\u00f5es; os interessados ser\u00e3o muito bem-vindos.<\/p>\n<p style=\"text-align: justify\"><strong>Sobre os l\u00edderes tem\u00e1ticos<\/strong><\/p>\n<p style=\"text-align: justify\">Os \u201cL\u00edderes Tem\u00e1ticos\u201d t\u00eam um papel fundamental na apresenta\u00e7\u00e3o de temas relevantes para atua\u00e7\u00e3o da Anprotec. Uma das principais atividades \u00e9 a orienta\u00e7\u00e3o na elabora\u00e7\u00e3o de documentos de refer\u00eancia, estudos e pesquisas sobre os temas. Al\u00e9m disso, eles podem liderar as microc\u00e2maras respons\u00e1veis por discutir, levantar sugest\u00f5es e propor projetos e a\u00e7\u00f5es que disseminem e fortale\u00e7am o tema no \u00e2mbito da Associa\u00e7\u00e3o.<\/p>\n<p style=\"text-align: justify\">Para auxiliar na dissemina\u00e7\u00e3o, implanta\u00e7\u00e3o e conceitua\u00e7\u00e3o do tema, a atua\u00e7\u00e3o de cada L\u00edder Tem\u00e1tico estar\u00e1 dispon\u00edvel, em breve, no site da Anprotec, na \u00e1rea exclusiva para associados, onde ser\u00e1 poss\u00edvel apresentar opini\u00f5es e sugest\u00f5es. Atualmente, a Associa\u00e7\u00e3o conta com L\u00edderes Tem\u00e1ticos respons\u00e1veis por coordenar grupos em 21 diferentes temas. <a href=\"https:\/\/anprotec.org.br\/site\/lideres-tematicos\/\" target=\"_blank\" rel=\"noopener\">Confira quais s\u00e3o eles e saiba mais sobre o tema de seu interesse<\/a>.<\/p>\n","protected":false},"excerpt":{"rendered":"<p>Com objetivo de discutir temas relacionados ao desenvolvimento das aceleradoras<span class=\"excerpt-hellip\"> [\u2026]<\/span><\/p>\n","protected":false},"author":10,"featured_media":25411,"comment_status":"closed","ping_status":"closed","sticky":false,"template":"","format":"standard","meta":{"footnotes":"","_links_to":"","_links_to_target":""},"categories":[3],"tags":[],"calendar":[],"_links":{"self":[{"href":"https:\/\/anprotec.org.br\/site\/wp-json\/wp\/v2\/posts\/25410"}],"collection":[{"href":"https:\/\/anprotec.org.br\/site\/wp-json\/wp\/v2\/posts"}],"about":[{"href":"https:\/\/anprotec.org.br\/site\/wp-json\/wp\/v2\/types\/post"}],"author":[{"embeddable":true,"href":"https:\/\/anprotec.org.br\/site\/wp-json\/wp\/v2\/users\/10"}],"replies":[{"embeddable":true,"href":"https:\/\/anprotec.org.br\/site\/wp-json\/wp\/v2\/comments?post=25410"}],"version-history":[{"count":1,"href":"https:\/\/anprotec.org.br\/site\/wp-json\/wp\/v2\/posts\/25410\/revisions"}],"predecessor-version":[{"id":25415,"href":"https:\/\/anprotec.org.br\/site\/wp-json\/wp\/v2\/posts\/25410\/revisions\/25415"}],"wp:featuredmedia":[{"embeddable":true,"href":"https:\/\/anprotec.org.br\/site\/wp-json\/wp\/v2\/media\/25411"}],"wp:attachment":[{"href":"https:\/\/anprotec.org.br\/site\/wp-json\/wp\/v2\/media?parent=25410"}],"wp:term":[{"taxonomy":"category","embeddable":true,"href":"https:\/\/anprotec.org.br\/site\/wp-json\/wp\/v2\/categories?post=25410"},{"taxonomy":"post_tag","embeddable":true,"href":"https:\/\/anprotec.org.br\/site\/wp-json\/wp\/v2\/tags?post=25410"},{"taxonomy":"calendar","embeddable":true,"href":"https:\/\/anprotec.org.br\/site\/wp-json\/wp\/v2\/calendar?post=25410"}],"curies":[{"name":"wp","href":"https:\/\/api.w.org\/{rel}","templated":true}]}}