{"id":25404,"date":"2018-06-06T12:57:27","date_gmt":"2018-06-06T15:57:27","guid":{"rendered":"http:\/\/anprotec.org.br\/site\/?p=25404"},"modified":"2018-06-06T12:59:57","modified_gmt":"2018-06-06T15:59:57","slug":"tecnosinos-tecnopuc-e-feevale-tech-park-realizam-evento-com-governo-da-espanha","status":"publish","type":"post","link":"https:\/\/anprotec.org.br\/site\/2018\/06\/tecnosinos-tecnopuc-e-feevale-tech-park-realizam-evento-com-governo-da-espanha\/","title":{"rendered":"Tecnosinos, Tecnopuc e Feevale Tech Park realizam evento com Governo da Espanha"},"content":{"rendered":"<p style=\"font-weight: 400;text-align: justify\"><img decoding=\"async\" loading=\"lazy\" class=\"alignleft wp-image-25406\" src=\"https:\/\/anprotec.org.br\/site\/wp-content\/uploads\/2018\/06\/card_info_v721-270x160.jpg\" alt=\"\" width=\"278\" height=\"165\" srcset=\"https:\/\/anprotec.org.br\/site\/wp-content\/uploads\/2018\/06\/card_info_v721-270x160.jpg 270w, https:\/\/anprotec.org.br\/site\/wp-content\/uploads\/2018\/06\/card_info_v721-300x178.jpg 300w, https:\/\/anprotec.org.br\/site\/wp-content\/uploads\/2018\/06\/card_info_v721-768x456.jpg 768w, https:\/\/anprotec.org.br\/site\/wp-content\/uploads\/2018\/06\/card_info_v721-246x146.jpg 246w, https:\/\/anprotec.org.br\/site\/wp-content\/uploads\/2018\/06\/card_info_v721-50x30.jpg 50w, https:\/\/anprotec.org.br\/site\/wp-content\/uploads\/2018\/06\/card_info_v721-126x75.jpg 126w, https:\/\/anprotec.org.br\/site\/wp-content\/uploads\/2018\/06\/card_info_v721.jpg 974w\" sizes=\"(max-width: 278px) 100vw, 278px\" \/>O Brasil vive um momento \u00fanico no cen\u00e1rio da tecnologia da inova\u00e7\u00e3o e a internacionaliza\u00e7\u00e3o pode ser um caminho para repensar os modelos de neg\u00f3cios adotados no pa\u00eds e diversificar mercados. Com esse objetivo, Tecnosinos, Tecnopuc e Feevale Tech Park realizam, no dia 13 de junho, em conjunto com o governo da Espanha, o evento \u201cSeu Neg\u00f3cio + Global \u2013 Espanha como porta de entrada para a Europa\u201d. O semin\u00e1rio acontecer\u00e1 no audit\u00f3rio da Unitec\u00a0(Tecnosinos &#8211; Av. Unisinos, 950), das 16h \u00e0s 19h, com inscri\u00e7\u00f5es gratuitas.<\/p>\n<p style=\"font-weight: 400;text-align: justify\">O\u00a0que a Espanha oferece para as empresas que tenham interesse no mercado espanhol ser\u00e1 uma das pautas do evento, assim como, informa\u00e7\u00f5es que apoiem a internacionaliza\u00e7\u00e3o das empresas locais. O evento tamb\u00e9m apresentar\u00e1 o Rising Start Up Espanha 2018, programa de apoio as startups, dirigido \u00e0 projetos estrangeiros de car\u00e1ter inovador e em desenvolvimento. Esse programa conta com o apoio da Barcelona Activa, ICEX-Invest Spain e Madrid International Lab, onde as empresas poder\u00e3o ser alocadas para o desenvolvimento de seus projetos. Al\u00e9m disso, o programa prev\u00ea aporte financeiro e mentorias especializadas para fortalecer e apoiar o processo de financiamento, al\u00e9m de servi\u00e7 ;os de assist\u00eancia para obten\u00e7\u00e3o de visto.<\/p>\n<p style=\"font-weight: 400;text-align: justify\">Voltado a empreendedores de startups em diversos segmentos que queiram (ou n\u00e3o) internacionalizar jornalistas, estudantes e profissionais de tecnologia, o\u00a0encontro contar\u00e1 com o apoio da C\u00e2mara Espanhola de Com\u00e9rcio, da Comunidade do Pa\u00eds Basco e da Comunidade Aut\u00f4noma de Andaluzia \u2013 Extenda, falando sobre o Parque Tecnol\u00f3gico de M\u00e1laga e as oportunidades tecnol\u00f3gicas especificas dessa regi\u00e3o na Espanha. Por fim, tamb\u00e9m haver\u00e1 a apresenta\u00e7\u00e3o do seguro de credito \u00e0 exporta\u00e7\u00e3o daquele pa\u00eds &#8211; CESCE.<\/p>\n<p>Confira a programa\u00e7\u00e3o completa:<\/p>\n<p><strong>16h &#8211;<\/strong> Welcome Coffee<\/p>\n<p><strong>16h30 &#8211;<\/strong> Abertura do evento &#8211; Tecnosinos<\/p>\n<p><strong>16h50 &#8211;<\/strong> Apresenta\u00e7\u00e3o do ICEX Invest Spain, Programa Rising Start Up 2018; Ferramentas financeiras<\/p>\n<p>Sra. Ana Fornells &#8211; Conselheira Econ\u00f4mica e Comercial da Embaixada da Espanha em S\u00e3o Paulo<\/p>\n<p><strong>17h20 &#8211;<\/strong> Apresenta\u00e7\u00e3o Andaluzia: Mercado e oportunidades<\/p>\n<p>Sr. Pedro Ubeda &#8211; Diretor do Escrit\u00f3rio de Promo\u00e7\u00e3o de Neg\u00f3cios Extenda no Brasil<\/p>\n<p><strong>17h50 &#8211;<\/strong>\u00a0Governo Vasco: Mercado e oportunidades<\/p>\n<p>Sr. Alejandro Gomez &#8211; Diretor do Escrit\u00f3rio de Promo\u00e7\u00e3o de Neg\u00f3cios Governo Vasco no Brasil<\/p>\n<p><strong>18h20 &#8211;<\/strong> Ferramenta de Exporta\u00e7\u00e3o, como auxiliar na internacionaliza\u00e7\u00e3o das empresas brasileiras<\/p>\n<p>Sr. Moacir Tosin &#8211; Superintendente Comercial da CESCEBRASIL<\/p>\n<p><strong>19h &#8211;<\/strong> Encerramento do evento (perguntas e respostas)<\/p>\n<p style=\"font-weight: 400;text-align: justify\">Para inscrever-se, acesse: <a href=\"https:\/\/bit.ly\/2jHc8pU\" target=\"_blank\" rel=\"noopener\">https:\/\/bit.ly\/2jHc8pU<\/a><\/p>\n","protected":false},"excerpt":{"rendered":"<p>O Brasil vive um momento \u00fanico no cen\u00e1rio da tecnologia<span class=\"excerpt-hellip\"> [\u2026]<\/span><\/p>\n","protected":false},"author":10,"featured_media":25406,"comment_status":"closed","ping_status":"closed","sticky":false,"template":"","format":"standard","meta":{"footnotes":"","_links_to":"","_links_to_target":""},"categories":[3],"tags":[],"calendar":[],"_links":{"self":[{"href":"https:\/\/anprotec.org.br\/site\/wp-json\/wp\/v2\/posts\/25404"}],"collection":[{"href":"https:\/\/anprotec.org.br\/site\/wp-json\/wp\/v2\/posts"}],"about":[{"href":"https:\/\/anprotec.org.br\/site\/wp-json\/wp\/v2\/types\/post"}],"author":[{"embeddable":true,"href":"https:\/\/anprotec.org.br\/site\/wp-json\/wp\/v2\/users\/10"}],"replies":[{"embeddable":true,"href":"https:\/\/anprotec.org.br\/site\/wp-json\/wp\/v2\/comments?post=25404"}],"version-history":[{"count":2,"href":"https:\/\/anprotec.org.br\/site\/wp-json\/wp\/v2\/posts\/25404\/revisions"}],"predecessor-version":[{"id":25409,"href":"https:\/\/anprotec.org.br\/site\/wp-json\/wp\/v2\/posts\/25404\/revisions\/25409"}],"wp:featuredmedia":[{"embeddable":true,"href":"https:\/\/anprotec.org.br\/site\/wp-json\/wp\/v2\/media\/25406"}],"wp:attachment":[{"href":"https:\/\/anprotec.org.br\/site\/wp-json\/wp\/v2\/media?parent=25404"}],"wp:term":[{"taxonomy":"category","embeddable":true,"href":"https:\/\/anprotec.org.br\/site\/wp-json\/wp\/v2\/categories?post=25404"},{"taxonomy":"post_tag","embeddable":true,"href":"https:\/\/anprotec.org.br\/site\/wp-json\/wp\/v2\/tags?post=25404"},{"taxonomy":"calendar","embeddable":true,"href":"https:\/\/anprotec.org.br\/site\/wp-json\/wp\/v2\/calendar?post=25404"}],"curies":[{"name":"wp","href":"https:\/\/api.w.org\/{rel}","templated":true}]}}