{"id":25401,"date":"2018-06-06T12:46:00","date_gmt":"2018-06-06T15:46:00","guid":{"rendered":"http:\/\/anprotec.org.br\/site\/?p=25401"},"modified":"2018-06-06T12:46:00","modified_gmt":"2018-06-06T15:46:00","slug":"edp-starter-brasil-prorroga-inscricoes-ate-17-de-junho","status":"publish","type":"post","link":"https:\/\/anprotec.org.br\/site\/2018\/06\/edp-starter-brasil-prorroga-inscricoes-ate-17-de-junho\/","title":{"rendered":"EDP Starter Brasil prorroga inscri\u00e7\u00f5es at\u00e9 17 de junho"},"content":{"rendered":"<p style=\"text-align: justify\"><img decoding=\"async\" loading=\"lazy\" class=\"alignleft  wp-image-25402\" src=\"https:\/\/anprotec.org.br\/site\/wp-content\/uploads\/2018\/06\/post6c-edpstarterbrasil1-270x160.png\" alt=\"\" width=\"300\" height=\"178\" \/>Startups que ainda n\u00e3o se inscreveram para participarem da segunda edi\u00e7\u00e3o do EDP Starter Brasil, programa de acelera\u00e7\u00e3o voltado a empreendedores com solu\u00e7\u00f5es para o setor de energia, ter\u00e3o at\u00e9 17 de junho para finalizarem o seu cadastro. As inscri\u00e7\u00f5es foram prorrogadas e poder\u00e3o ser realizadas at\u00e9 a data limite no <a href=\"..\/..\/tmoreno\/AppData\/Local\/Microsoft\/Windows\/Temporary%20Internet%20Files\/Content.Outlook\/E8KSKPIS\/www.edpstarter.com\/brasil\" target=\"_blank\" rel=\"noopener\">www.edpstarter.com\/brasil<\/a>.<\/p>\n<p style=\"text-align: justify\">As equipes escolhidas durante o processo de sele\u00e7\u00e3o ter\u00e3o acesso a uma estrutura completa para suportar o desenvolvimento do seu neg\u00f3cio, com consultoria especializada em inova\u00e7\u00e3o, mentoria de executivos da EDP e de especialistas do mercado, espa\u00e7o de <em>coworking<\/em> no Wework, e assessoria em diversas \u00e1reas de neg\u00f3cio, customizadas para as necessidades de cada empreendedor. Um dos principais diferenciais do programa \u00e9 a possibilidade de investimento de at\u00e9 R$ 10 milh\u00f5es nas startups participantes.<\/p>\n<p style=\"text-align: justify\">Al\u00e9m de conquistarem uma entrada no mercado de energia, as participantes passam a integrar a comunidade global do EDP Starter. Dentro do ecossistema, ter\u00e3o acesso a diversas oportunidades, como a possibilidade de desenvolvimento de projetos piloto financiados pela EDP, abertura a novos mercados, como a Europa, com mentoria internacional e participa\u00e7\u00e3o em outras competi\u00e7\u00f5es, entre elas o <em>Seed Race<\/em> e o EDP Open Innovation, al\u00e9m de um potencial investimento por meio da EDP Ventures, fundo de capital de risco do Grupo.<\/p>\n<p style=\"text-align: justify\">Nessa edi\u00e7\u00e3o, o EDP Starter est\u00e1 em busca de novas ideias em seis temas estrat\u00e9gicos: Solu\u00e7\u00f5es com Foco no Cliente, Inova\u00e7\u00e3o Digital, Energias Renov\u00e1veis, Armazenamento de Energia, Redes Inteligentes e Solu\u00e7\u00f5es de suporte para \u00e1reas que n\u00e3o s\u00e3o <em>core business<\/em>. Para exemplificar, algumas das principais solu\u00e7\u00f5es seriam nas \u00e1reas de Mobilidade El\u00e9trica, Baterias, <em>Analytics<\/em>, Gest\u00e3o de Energia, Modelos de Predi\u00e7\u00e3o, Internet das Coisas, Realidade Aumentada, Intelig\u00eancia Artificial, BlockChain, Meios de Pagamento, entre outras.<\/p>\n<p style=\"text-align: justify\">A iniciativa foi organizada em conjunto com a Tropos Lab, consultoria de inova\u00e7\u00e3o que participar\u00e1 diretamente do processo de sele\u00e7\u00e3o e desenvolvimento das startups, com aplica\u00e7\u00e3o de metodologia pr\u00f3pria, al\u00e9m de disponibilizar seus mentores especializados para auxiliar as equipes ao longo de todo o programa.<\/p>\n<p style=\"text-align: justify\"><strong>Etapas do Processo<\/strong><\/p>\n<p style=\"text-align: justify\">Ap\u00f3s avalia\u00e7\u00e3o dos formul\u00e1rios de inscri\u00e7\u00e3o e das entrevistas, ser\u00e3o classificadas dez startups para participar de um <em>Bootcamp<\/em> de dois dias. Nesta primeira fase do programa, os empreendedores participar\u00e3o de um <em>PitchFest<\/em> para apresentarem suas ideias \u00e0 EDP, e cinco empresas ser\u00e3o selecionados para continuar na pr\u00f3xima etapa.<\/p>\n<p style=\"text-align: justify\">As escolhidas passar\u00e3o, ent\u00e3o, por um processo de acelera\u00e7\u00e3o e desenvolvimento durante tr\u00eas meses. O programa contempla a valida\u00e7\u00e3o do modelo de neg\u00f3cio, cria\u00e7\u00e3o de proposta de projeto-piloto, valida\u00e7\u00e3o da solu\u00e7\u00e3o junto \u00e0 EDP, al\u00e9m das mentorias especializadas para suportar o desenvolvimento dos modelos de neg\u00f3cio visando escala comercial.<\/p>\n<p style=\"text-align: justify\">O EDP Starter ter\u00e1 sua grande final em setembro, quando as startups se reunir\u00e3o em um Demoday. Elas demonstrar\u00e3o suas solu\u00e7\u00f5es e desenvolvimento obtido ao longo do programa a um p\u00fablico diverso, com executivos da EDP Ventures, investidores de mercado e parceiros de neg\u00f3cio. A equipe ganhadora ter\u00e1 a oportunidade de participar do WebSummit em Lisboa, um dos maiores eventos de tecnologia do mundo, al\u00e9m de poder conhecer o ecossistema europeu.<\/p>\n","protected":false},"excerpt":{"rendered":"<p>Startups que ainda n\u00e3o se inscreveram para participarem da segunda<span class=\"excerpt-hellip\"> [\u2026]<\/span><\/p>\n","protected":false},"author":10,"featured_media":25402,"comment_status":"closed","ping_status":"closed","sticky":false,"template":"","format":"standard","meta":{"footnotes":"","_links_to":"","_links_to_target":""},"categories":[3],"tags":[],"calendar":[],"_links":{"self":[{"href":"https:\/\/anprotec.org.br\/site\/wp-json\/wp\/v2\/posts\/25401"}],"collection":[{"href":"https:\/\/anprotec.org.br\/site\/wp-json\/wp\/v2\/posts"}],"about":[{"href":"https:\/\/anprotec.org.br\/site\/wp-json\/wp\/v2\/types\/post"}],"author":[{"embeddable":true,"href":"https:\/\/anprotec.org.br\/site\/wp-json\/wp\/v2\/users\/10"}],"replies":[{"embeddable":true,"href":"https:\/\/anprotec.org.br\/site\/wp-json\/wp\/v2\/comments?post=25401"}],"version-history":[{"count":1,"href":"https:\/\/anprotec.org.br\/site\/wp-json\/wp\/v2\/posts\/25401\/revisions"}],"predecessor-version":[{"id":25403,"href":"https:\/\/anprotec.org.br\/site\/wp-json\/wp\/v2\/posts\/25401\/revisions\/25403"}],"wp:featuredmedia":[{"embeddable":true,"href":"https:\/\/anprotec.org.br\/site\/wp-json\/wp\/v2\/media\/25402"}],"wp:attachment":[{"href":"https:\/\/anprotec.org.br\/site\/wp-json\/wp\/v2\/media?parent=25401"}],"wp:term":[{"taxonomy":"category","embeddable":true,"href":"https:\/\/anprotec.org.br\/site\/wp-json\/wp\/v2\/categories?post=25401"},{"taxonomy":"post_tag","embeddable":true,"href":"https:\/\/anprotec.org.br\/site\/wp-json\/wp\/v2\/tags?post=25401"},{"taxonomy":"calendar","embeddable":true,"href":"https:\/\/anprotec.org.br\/site\/wp-json\/wp\/v2\/calendar?post=25401"}],"curies":[{"name":"wp","href":"https:\/\/api.w.org\/{rel}","templated":true}]}}