{"id":25396,"date":"2018-06-05T17:43:23","date_gmt":"2018-06-05T20:43:23","guid":{"rendered":"http:\/\/anprotec.org.br\/site\/?p=25396"},"modified":"2018-06-06T10:56:15","modified_gmt":"2018-06-06T13:56:15","slug":"startout-brasil-ciclo-miami-2018-tem-inscricoes-abertas-ate-19-de-junho","status":"publish","type":"post","link":"https:\/\/anprotec.org.br\/site\/2018\/06\/startout-brasil-ciclo-miami-2018-tem-inscricoes-abertas-ate-19-de-junho\/","title":{"rendered":"StartOut Brasil \u2013 Ciclo Miami 2018 tem inscri\u00e7\u00f5es abertas at\u00e9 19 de junho"},"content":{"rendered":"<p style=\"text-align: justify\"><img decoding=\"async\" loading=\"lazy\" class=\"alignleft wp-image-25398\" src=\"https:\/\/anprotec.org.br\/site\/wp-content\/uploads\/2018\/06\/startout1-270x160.png\" alt=\"\" width=\"282\" height=\"167\" srcset=\"https:\/\/anprotec.org.br\/site\/wp-content\/uploads\/2018\/06\/startout1-270x160.png 270w, https:\/\/anprotec.org.br\/site\/wp-content\/uploads\/2018\/06\/startout1-50x31.png 50w\" sizes=\"(max-width: 282px) 100vw, 282px\" \/>As inscri\u00e7\u00f5es para a sele\u00e7\u00e3o do Ciclo de Imers\u00e3o Miami 2018, etapa do StartOut Brasil, est\u00e3o abertas at\u00e9 o dia 19 de junho. O programa \u00e9 fruto da parceria entre a Anprotec, Apex-Brasil, Sebrae, MDIC e MRE.<\/p>\n<p style=\"text-align: justify\">Voltado a empreendedores brasileiros de neg\u00f3cios tecnol\u00f3gicos que desejam realizar uma imers\u00e3o no ecossistema de empreendedorismo norte-americano e expandir seus neg\u00f3cios para os Estados Unidos, o programa selecionar\u00e1 at\u00e9 14 startups brasileiras para participarem da imers\u00e3o completa no ecossistema de Miami.<\/p>\n<p style=\"text-align: justify\">As startups receber\u00e3o consultoria em internacionaliza\u00e7\u00e3o, mentorias, treinamento de pitch e miss\u00e3o de uma semana, com workshops, visitas a ambientes de inova\u00e7\u00e3o e encontros de neg\u00f3cios realizados com ajuda de um matchmaker.<\/p>\n<p style=\"text-align: justify\">Durante a miss\u00e3o, os empreendedores ter\u00e3o agenda intensa voltada \u00e0 prospec\u00e7\u00e3o de clientes e investidores e \u00e0 conex\u00e3o a ambientes de inova\u00e7\u00e3o.<\/p>\n<p style=\"text-align: justify\"><strong>Confira o cronograma: <\/strong><\/p>\n<p style=\"text-align: justify\">Inscri\u00e7\u00f5es: <strong>25\/05 a 19\/06<\/strong> (aten\u00e7\u00e3o: o formul\u00e1rio deve ser preenchido em ingl\u00eas)<\/p>\n<p style=\"text-align: justify\">Processo de sele\u00e7\u00e3o: <strong>20\/06 a 12\/07<\/strong><\/p>\n<p style=\"text-align: justify\">Resultado final: <strong>13\/07<\/strong><\/p>\n<p style=\"text-align: justify\">Capacita\u00e7\u00e3o e mentoria: <strong>16\/07 a 31\/08<\/strong><\/p>\n<p style=\"text-align: justify\">Workshop presencial: <strong>agosto (data e local a confirmar)<\/strong><\/p>\n<p style=\"text-align: justify\">Imers\u00e3o em Miami: <strong>09 a 14 de setembro<\/strong><\/p>\n<p style=\"text-align: justify\">Para mais informa\u00e7\u00f5es, acesse: <a href=\"http:\/\/www.startoutbrasil.com.br\" target=\"_blank\" rel=\"noopener\">www.startoutbrasil.com.br<\/a>, ou contate: <a href=\"mailto:contato@startoutbrasil.com.br\" target=\"_blank\" rel=\"noopener\">contato@startoutbrasil.com.br<\/a><\/p>\n","protected":false},"excerpt":{"rendered":"<p>As inscri\u00e7\u00f5es para a sele\u00e7\u00e3o do Ciclo de Imers\u00e3o Miami<span class=\"excerpt-hellip\"> [\u2026]<\/span><\/p>\n","protected":false},"author":10,"featured_media":25398,"comment_status":"closed","ping_status":"closed","sticky":false,"template":"","format":"standard","meta":{"footnotes":"","_links_to":"","_links_to_target":""},"categories":[3],"tags":[],"calendar":[],"_links":{"self":[{"href":"https:\/\/anprotec.org.br\/site\/wp-json\/wp\/v2\/posts\/25396"}],"collection":[{"href":"https:\/\/anprotec.org.br\/site\/wp-json\/wp\/v2\/posts"}],"about":[{"href":"https:\/\/anprotec.org.br\/site\/wp-json\/wp\/v2\/types\/post"}],"author":[{"embeddable":true,"href":"https:\/\/anprotec.org.br\/site\/wp-json\/wp\/v2\/users\/10"}],"replies":[{"embeddable":true,"href":"https:\/\/anprotec.org.br\/site\/wp-json\/wp\/v2\/comments?post=25396"}],"version-history":[{"count":2,"href":"https:\/\/anprotec.org.br\/site\/wp-json\/wp\/v2\/posts\/25396\/revisions"}],"predecessor-version":[{"id":25400,"href":"https:\/\/anprotec.org.br\/site\/wp-json\/wp\/v2\/posts\/25396\/revisions\/25400"}],"wp:featuredmedia":[{"embeddable":true,"href":"https:\/\/anprotec.org.br\/site\/wp-json\/wp\/v2\/media\/25398"}],"wp:attachment":[{"href":"https:\/\/anprotec.org.br\/site\/wp-json\/wp\/v2\/media?parent=25396"}],"wp:term":[{"taxonomy":"category","embeddable":true,"href":"https:\/\/anprotec.org.br\/site\/wp-json\/wp\/v2\/categories?post=25396"},{"taxonomy":"post_tag","embeddable":true,"href":"https:\/\/anprotec.org.br\/site\/wp-json\/wp\/v2\/tags?post=25396"},{"taxonomy":"calendar","embeddable":true,"href":"https:\/\/anprotec.org.br\/site\/wp-json\/wp\/v2\/calendar?post=25396"}],"curies":[{"name":"wp","href":"https:\/\/api.w.org\/{rel}","templated":true}]}}