{"id":24881,"date":"2018-04-25T17:26:28","date_gmt":"2018-04-25T20:26:28","guid":{"rendered":"http:\/\/anprotec.org.br\/site\/?p=24881"},"modified":"2018-05-02T16:52:38","modified_gmt":"2018-05-02T19:52:38","slug":"creative-startups-talks-recebe-ceo-do-centro-de-economia-criativa-e-inovacao-de-daegu","status":"publish","type":"post","link":"https:\/\/anprotec.org.br\/site\/2018\/04\/creative-startups-talks-recebe-ceo-do-centro-de-economia-criativa-e-inovacao-de-daegu\/","title":{"rendered":"Creative Startups Talks recebe CEO do Centro de Economia Criativa e Inova\u00e7\u00e3o de Daegu"},"content":{"rendered":"<p style=\"text-align: justify\"><img decoding=\"async\" loading=\"lazy\" class=\"alignleft  wp-image-24926\" src=\"https:\/\/anprotec.org.br\/site\/wp-content\/uploads\/2018\/04\/imagem-270x160.jpg\" alt=\"\" width=\"297\" height=\"176\" \/>Na \u00faltima segunda-feira, 23 de abril, o Programa Creative Startups realizou em S\u00e3o Paulo \u2013 SP a primeira edi\u00e7\u00e3o do Creative Startups Talks, com a participa\u00e7\u00e3o de Mr. Kyu Hwang Yeon, CEO do Centro de Economia Criativa e Inova\u00e7\u00e3o de Daegu (CCEI Daegu).<\/p>\n<p style=\"text-align: justify\">Na ocasi\u00e3o, al\u00e9m de conhecer e debater s<span style=\"text-align: justify\">obre o caso de sucesso da coopera\u00e7\u00e3o entre Anprotec, Samsung e CCEI na gest\u00e3o do Programa Creative Startups, os participantes tamb\u00e9m tiveram a chance de saber um pouco mais sobre os Centros de Economia Criativa e Inova\u00e7\u00e3o e sobre a cultura de empreendedorismo e inova\u00e7\u00e3o aberta da Coreia do Sul.<\/span><\/p>\n<p style=\"text-align: justify\">Dentre os principais pontos, Kyu destacou a clara compreens\u00e3o do modelo ganha-ganha entre as partes interessadas desde o est\u00e1gio inicial, a identifica\u00e7\u00e3o das necessidades locais e autonomia para a constru\u00e7\u00e3o de um modelo de neg\u00f3cio sustent\u00e1vel.<\/p>\n<p style=\"text-align: justify\">O evento tamb\u00e9m contou com a participa\u00e7\u00e3o de Krishna Aum de Faria, coordenador de programas do Sebrae, que apresentou um contexto mais amplo sobre como a institui\u00e7\u00e3o vem trabalhando a agenda de inova\u00e7\u00e3o.<\/p>\n<p style=\"text-align: justify\">O presidente da Anprotec, Jos\u00e9 Alberto Sampaio Aranha, falou sobre o ecossistema de empreendedorismo inovador do pa\u00eds e a import\u00e2ncia do casamento entre grandes empresas e startups.<\/p>\n<p style=\"text-align: justify\">Sheila Pires, superintendente executiva da Anprotec, e Paulo Quirino, coordenador nacional do Creative Startups na \u00e1rea de pesquisa e desenvolvimento da Samsung, deram mais detalhes sobre o Programa.<\/p>\n<p style=\"text-align: justify\">Resultado de uma\u00a0parceria\u00a0firmada em 2015 entre a Samsung, a Anprotec e o Centro Coreano de Economia Criativa e Inova\u00e7\u00e3o (CCEI), o Creative Startups tem o objetivo\u00a0de identificar, selecionar e oferecer suporte\u00a0a empreendimentos inovadores.<\/p>\n<p style=\"text-align: justify\">O Programa, que j\u00e1 recebeu mais de 700 propostas de neg\u00f3cios, oferece suporte aos empreendimentos selecionados atrav\u00e9s de treinamos, capacita\u00e7\u00e3o, mentorias e financiamento para desenvolvimento de produto.<\/p>\n<p>O Creative Startups Talks foi transmitido ao vivo pelo Facebook da Anprotec.<\/p>\n<p style=\"text-align: justify\"><a href=\"https:\/\/www.facebook.com\/anprotec\/videos\/1210007179132560\/\" target=\"_blank\" rel=\"noopener\"><u>Clique aqui<\/u><\/a> e confira a grava\u00e7\u00e3o na \u00edntegra! Em breve ser\u00e3o divulgados mais detalhes sobre o evento e o Programa.<\/p>\n","protected":false},"excerpt":{"rendered":"<p>Na \u00faltima segunda-feira, 23 de abril, o Programa Creative Startups<span class=\"excerpt-hellip\"> [\u2026]<\/span><\/p>\n","protected":false},"author":10,"featured_media":24882,"comment_status":"open","ping_status":"open","sticky":false,"template":"","format":"standard","meta":{"footnotes":"","_links_to":"","_links_to_target":""},"categories":[3],"tags":[],"calendar":[],"_links":{"self":[{"href":"https:\/\/anprotec.org.br\/site\/wp-json\/wp\/v2\/posts\/24881"}],"collection":[{"href":"https:\/\/anprotec.org.br\/site\/wp-json\/wp\/v2\/posts"}],"about":[{"href":"https:\/\/anprotec.org.br\/site\/wp-json\/wp\/v2\/types\/post"}],"author":[{"embeddable":true,"href":"https:\/\/anprotec.org.br\/site\/wp-json\/wp\/v2\/users\/10"}],"replies":[{"embeddable":true,"href":"https:\/\/anprotec.org.br\/site\/wp-json\/wp\/v2\/comments?post=24881"}],"version-history":[{"count":2,"href":"https:\/\/anprotec.org.br\/site\/wp-json\/wp\/v2\/posts\/24881\/revisions"}],"predecessor-version":[{"id":24929,"href":"https:\/\/anprotec.org.br\/site\/wp-json\/wp\/v2\/posts\/24881\/revisions\/24929"}],"wp:featuredmedia":[{"embeddable":true,"href":"https:\/\/anprotec.org.br\/site\/wp-json\/wp\/v2\/media\/24882"}],"wp:attachment":[{"href":"https:\/\/anprotec.org.br\/site\/wp-json\/wp\/v2\/media?parent=24881"}],"wp:term":[{"taxonomy":"category","embeddable":true,"href":"https:\/\/anprotec.org.br\/site\/wp-json\/wp\/v2\/categories?post=24881"},{"taxonomy":"post_tag","embeddable":true,"href":"https:\/\/anprotec.org.br\/site\/wp-json\/wp\/v2\/tags?post=24881"},{"taxonomy":"calendar","embeddable":true,"href":"https:\/\/anprotec.org.br\/site\/wp-json\/wp\/v2\/calendar?post=24881"}],"curies":[{"name":"wp","href":"https:\/\/api.w.org\/{rel}","templated":true}]}}