{"id":24874,"date":"2018-04-25T16:19:28","date_gmt":"2018-04-25T19:19:28","guid":{"rendered":"http:\/\/anprotec.org.br\/site\/?p=24874"},"modified":"2018-04-25T16:19:28","modified_gmt":"2018-04-25T19:19:28","slug":"embrapa-lanca-documento-visao-2030-o-futuro-da-agricultura-brasileira","status":"publish","type":"post","link":"https:\/\/anprotec.org.br\/site\/2018\/04\/embrapa-lanca-documento-visao-2030-o-futuro-da-agricultura-brasileira\/","title":{"rendered":"Embrapa lan\u00e7a documento \u201cVis\u00e3o 2030: o futuro da agricultura brasileira\u201d"},"content":{"rendered":"<p><img decoding=\"async\" loading=\"lazy\" class=\" wp-image-24875 alignleft\" src=\"https:\/\/anprotec.org.br\/site\/wp-content\/uploads\/2018\/04\/agricultura.jpeg\" alt=\"\" width=\"294\" height=\"154\" srcset=\"https:\/\/anprotec.org.br\/site\/wp-content\/uploads\/2018\/04\/agricultura.jpeg 1024w, https:\/\/anprotec.org.br\/site\/wp-content\/uploads\/2018\/04\/agricultura-300x157.jpeg 300w, https:\/\/anprotec.org.br\/site\/wp-content\/uploads\/2018\/04\/agricultura-768x403.jpeg 768w, https:\/\/anprotec.org.br\/site\/wp-content\/uploads\/2018\/04\/agricultura-260x136.jpeg 260w, https:\/\/anprotec.org.br\/site\/wp-content\/uploads\/2018\/04\/agricultura-50x26.jpeg 50w, https:\/\/anprotec.org.br\/site\/wp-content\/uploads\/2018\/04\/agricultura-143x75.jpeg 143w\" sizes=\"(max-width: 294px) 100vw, 294px\" \/>Foi lan\u00e7ado pela Embrapa no dia 24 de abril o documento \u201cVis\u00e3o 2030: o futuro da agricultura brasileira\u201d, realizado em torno de sete eixos principais: mudan\u00e7as socioecon\u00f4micas e espaciais na agricultura; intensifica\u00e7\u00e3o e sustentabilidade dos sistemas de produ\u00e7\u00e3o; mudan\u00e7a do clima; riscos; agrega\u00e7\u00e3o de valor nas cadeias produtivas; protagonismo dos consumidores; e converg\u00eancia tecnol\u00f3gica e de conhecimentos.<\/p>\n<p style=\"text-align: justify\">Segundo o estudo, com o passar dos anos, a agricultura teve transforma\u00e7\u00f5es de ordem econ\u00f4mica, cultura, social, ambiental, tecnol\u00f3gica e mercadol\u00f3gica que impactaram fortemente o mundo rural.<\/p>\n<p style=\"text-align: justify\">Tendo em vista a limita\u00e7\u00e3o de recursos naturais no pa\u00eds, a Embrapa chama aten\u00e7\u00e3o para a necessidade de intensificar a produ\u00e7\u00e3o, mantendo a sustentabilidade das cadeias, e, para isso, sup\u00f5e a expans\u00e3o de sistemas, como integra\u00e7\u00e3o lavoura-pecu\u00e1ria-floresta, agricultura org\u00e2nica, recupera\u00e7\u00e3o de pastagens degradadas e otimiza\u00e7\u00e3o de irriga\u00e7\u00e3o.<\/p>\n<p style=\"text-align: justify\">Para saber mais, <a href=\"http:\/\/www.valor.com.br\/agro\/5480413\/embrapa-lista-os-desafios-da-agricultura-do-pais-ate-2030\" target=\"_blank\" rel=\"noopener\">clique aqui<\/a> e veja a mat\u00e9ria completa disponibilizada pelo Valor Econ\u00f4mico, ou acesse o link: <a href=\"https:\/\/www.embrapa.br\/futuro-da-agricultura\" target=\"_blank\" rel=\"noopener\">https:\/\/www.embrapa.br\/futuro-da-agricultura<\/a><\/p>\n","protected":false},"excerpt":{"rendered":"<p>Foi lan\u00e7ado pela Embrapa no dia 24 de abril o<span class=\"excerpt-hellip\"> [\u2026]<\/span><\/p>\n","protected":false},"author":10,"featured_media":24875,"comment_status":"open","ping_status":"open","sticky":false,"template":"","format":"standard","meta":{"footnotes":"","_links_to":"","_links_to_target":""},"categories":[3],"tags":[],"calendar":[],"_links":{"self":[{"href":"https:\/\/anprotec.org.br\/site\/wp-json\/wp\/v2\/posts\/24874"}],"collection":[{"href":"https:\/\/anprotec.org.br\/site\/wp-json\/wp\/v2\/posts"}],"about":[{"href":"https:\/\/anprotec.org.br\/site\/wp-json\/wp\/v2\/types\/post"}],"author":[{"embeddable":true,"href":"https:\/\/anprotec.org.br\/site\/wp-json\/wp\/v2\/users\/10"}],"replies":[{"embeddable":true,"href":"https:\/\/anprotec.org.br\/site\/wp-json\/wp\/v2\/comments?post=24874"}],"version-history":[{"count":2,"href":"https:\/\/anprotec.org.br\/site\/wp-json\/wp\/v2\/posts\/24874\/revisions"}],"predecessor-version":[{"id":24877,"href":"https:\/\/anprotec.org.br\/site\/wp-json\/wp\/v2\/posts\/24874\/revisions\/24877"}],"wp:featuredmedia":[{"embeddable":true,"href":"https:\/\/anprotec.org.br\/site\/wp-json\/wp\/v2\/media\/24875"}],"wp:attachment":[{"href":"https:\/\/anprotec.org.br\/site\/wp-json\/wp\/v2\/media?parent=24874"}],"wp:term":[{"taxonomy":"category","embeddable":true,"href":"https:\/\/anprotec.org.br\/site\/wp-json\/wp\/v2\/categories?post=24874"},{"taxonomy":"post_tag","embeddable":true,"href":"https:\/\/anprotec.org.br\/site\/wp-json\/wp\/v2\/tags?post=24874"},{"taxonomy":"calendar","embeddable":true,"href":"https:\/\/anprotec.org.br\/site\/wp-json\/wp\/v2\/calendar?post=24874"}],"curies":[{"name":"wp","href":"https:\/\/api.w.org\/{rel}","templated":true}]}}