{"id":24867,"date":"2018-04-25T15:07:12","date_gmt":"2018-04-25T18:07:12","guid":{"rendered":"http:\/\/anprotec.org.br\/site\/?p=24867"},"modified":"2018-04-25T15:07:12","modified_gmt":"2018-04-25T18:07:12","slug":"evento-em-joinville-sc-discute-sustentabilidade-e-impacto-social","status":"publish","type":"post","link":"https:\/\/anprotec.org.br\/site\/2018\/04\/evento-em-joinville-sc-discute-sustentabilidade-e-impacto-social\/","title":{"rendered":"Evento em Joinville, SC, discute sustentabilidade e impacto social"},"content":{"rendered":"<p><img decoding=\"async\" loading=\"lazy\" class=\" wp-image-24868 alignleft\" src=\"https:\/\/anprotec.org.br\/site\/wp-content\/uploads\/2018\/04\/dew.jpg\" alt=\"\" width=\"338\" height=\"191\" srcset=\"https:\/\/anprotec.org.br\/site\/wp-content\/uploads\/2018\/04\/dew.jpg 687w, https:\/\/anprotec.org.br\/site\/wp-content\/uploads\/2018\/04\/dew-300x169.jpg 300w, https:\/\/anprotec.org.br\/site\/wp-content\/uploads\/2018\/04\/dew-260x146.jpg 260w, https:\/\/anprotec.org.br\/site\/wp-content\/uploads\/2018\/04\/dew-50x28.jpg 50w, https:\/\/anprotec.org.br\/site\/wp-content\/uploads\/2018\/04\/dew-133x75.jpg 133w\" sizes=\"(max-width: 338px) 100vw, 338px\" \/>No pr\u00f3ximo dia 16 de maio (quarta-feira), acontecer\u00e1 no Centro de Conven\u00e7\u00f5es da Univille, em Joinville \u2013 SC, o evento Sustentabilidade e Impacto Social: O Futuro Dos Neg\u00f3cios, que contar\u00e1 com a presen\u00e7a de palestrantes experientes para discuss\u00f5es voltadas ao tema central.<\/p>\n<p style=\"text-align: justify\">Realizado pelo Inovaparq, associado da Anprotec, em parceria com a CIVI-CO e com a Cause \u2013 Incubadora de Inova\u00e7\u00e3o Social Inovaparq, o evento ser\u00e1 gratuito e acontece das 8h \u00e0s 13h.<\/p>\n<p style=\"text-align: justify\">Al\u00e9m da discuss\u00e3o sobre sustentabilidade e impacto social, tamb\u00e9m ser\u00e1 mostrado que a\u00e7\u00f5es sociais podem ajudar a aumentar os lucros da empresa.<\/p>\n<p style=\"text-align: justify\"><strong>Confira os palestrantes confirmados: <\/strong><\/p>\n<p style=\"text-align: justify\">Maria Regina Runze e Lia Kunzer, da Tigre: palestra \u201cCorporate Venture\u201d;<\/p>\n<p style=\"text-align: justify\">Alexandre Grenteski, do Instituto Renault: palestra \u201cComo a inova\u00e7\u00e3o aberta pode auxiliar no desenvolvimento de novos neg\u00f3cios\u201d;<\/p>\n<p style=\"text-align: justify\">Anna de Souza Aranha, do Instituto Quintessa: palestra \u201cUma nova forma de fazer neg\u00f3cios: lucro e impacto trabalhando juntos\u201d.<\/p>\n<p style=\"text-align: justify\"><strong>Os participantes da mesa redonda ser\u00e3o:<\/strong><\/p>\n<p style=\"text-align: justify\">Roberto Pascoal (Instituto Omunga), Laula Vallias (HYPE60+), Mariana Fonseca (Pipe.Social), Vinicius Saraceni (Atina Educa\u00e7\u00e3o), Ana Luiza Prudente (Muda Tudo), e Maur\u00edcio Curi (Co-mo-ver).<\/p>\n<p style=\"text-align: justify\">As vagas s\u00e3o limitadas. <a href=\"https:\/\/www.sympla.com.br\/sustentabilidade-e-impacto-social-o-futuro-dos-negocios__275620\" target=\"_blank\" rel=\"noopener\">Clique aqui<\/a> para e inscreva-se!<\/p>\n","protected":false},"excerpt":{"rendered":"<p>No pr\u00f3ximo dia 16 de maio (quarta-feira), acontecer\u00e1 no Centro<span class=\"excerpt-hellip\"> [\u2026]<\/span><\/p>\n","protected":false},"author":10,"featured_media":24868,"comment_status":"open","ping_status":"open","sticky":false,"template":"","format":"standard","meta":{"footnotes":"","_links_to":"","_links_to_target":""},"categories":[3],"tags":[],"calendar":[],"_links":{"self":[{"href":"https:\/\/anprotec.org.br\/site\/wp-json\/wp\/v2\/posts\/24867"}],"collection":[{"href":"https:\/\/anprotec.org.br\/site\/wp-json\/wp\/v2\/posts"}],"about":[{"href":"https:\/\/anprotec.org.br\/site\/wp-json\/wp\/v2\/types\/post"}],"author":[{"embeddable":true,"href":"https:\/\/anprotec.org.br\/site\/wp-json\/wp\/v2\/users\/10"}],"replies":[{"embeddable":true,"href":"https:\/\/anprotec.org.br\/site\/wp-json\/wp\/v2\/comments?post=24867"}],"version-history":[{"count":1,"href":"https:\/\/anprotec.org.br\/site\/wp-json\/wp\/v2\/posts\/24867\/revisions"}],"predecessor-version":[{"id":24869,"href":"https:\/\/anprotec.org.br\/site\/wp-json\/wp\/v2\/posts\/24867\/revisions\/24869"}],"wp:featuredmedia":[{"embeddable":true,"href":"https:\/\/anprotec.org.br\/site\/wp-json\/wp\/v2\/media\/24868"}],"wp:attachment":[{"href":"https:\/\/anprotec.org.br\/site\/wp-json\/wp\/v2\/media?parent=24867"}],"wp:term":[{"taxonomy":"category","embeddable":true,"href":"https:\/\/anprotec.org.br\/site\/wp-json\/wp\/v2\/categories?post=24867"},{"taxonomy":"post_tag","embeddable":true,"href":"https:\/\/anprotec.org.br\/site\/wp-json\/wp\/v2\/tags?post=24867"},{"taxonomy":"calendar","embeddable":true,"href":"https:\/\/anprotec.org.br\/site\/wp-json\/wp\/v2\/calendar?post=24867"}],"curies":[{"name":"wp","href":"https:\/\/api.w.org\/{rel}","templated":true}]}}