{"id":24866,"date":"2018-04-25T15:08:52","date_gmt":"2018-04-25T18:08:52","guid":{"rendered":"http:\/\/anprotec.org.br\/site\/?p=24866"},"modified":"2018-04-25T17:44:48","modified_gmt":"2018-04-25T20:44:48","slug":"conheca-os-lideres-tematicos-da-anprotec","status":"publish","type":"post","link":"https:\/\/anprotec.org.br\/site\/2018\/04\/conheca-os-lideres-tematicos-da-anprotec\/","title":{"rendered":"Conhe\u00e7a os l\u00edderes tem\u00e1ticos da Anprotec"},"content":{"rendered":"<p><img decoding=\"async\" loading=\"lazy\" class=\" wp-image-24871 alignleft\" src=\"https:\/\/anprotec.org.br\/site\/wp-content\/uploads\/2018\/04\/l\u00edderes-tem\u00e1ticos.jpg\" alt=\"\" width=\"343\" height=\"218\" srcset=\"https:\/\/anprotec.org.br\/site\/wp-content\/uploads\/2018\/04\/l\u00edderes-tem\u00e1ticos.jpg 976w, https:\/\/anprotec.org.br\/site\/wp-content\/uploads\/2018\/04\/l\u00edderes-tem\u00e1ticos-300x190.jpg 300w, https:\/\/anprotec.org.br\/site\/wp-content\/uploads\/2018\/04\/l\u00edderes-tem\u00e1ticos-768x487.jpg 768w, https:\/\/anprotec.org.br\/site\/wp-content\/uploads\/2018\/04\/l\u00edderes-tem\u00e1ticos-230x146.jpg 230w, https:\/\/anprotec.org.br\/site\/wp-content\/uploads\/2018\/04\/l\u00edderes-tem\u00e1ticos-50x32.jpg 50w, https:\/\/anprotec.org.br\/site\/wp-content\/uploads\/2018\/04\/l\u00edderes-tem\u00e1ticos-118x75.jpg 118w\" sizes=\"(max-width: 343px) 100vw, 343px\" \/>O Grupo Estendido de Dirigentes (GED) \u2013 ou apenas \u201cL\u00edderes Tem\u00e1ticos\u201d \u2013 tem papel fundamental na apresenta\u00e7\u00e3o de temas relevantes para atua\u00e7\u00e3o da Anprotec.<\/p>\n<p style=\"text-align: justify\">\u201cOs L\u00edderes Tem\u00e1ticos s\u00e3o representantes dos grupos de interesse espec\u00edfico dentro dos associados. Eles se re\u00fanem para discutir temas e receber sugest\u00f5es de projetos e pol\u00edticas p\u00fablicas para cada tema, informando as decis\u00f5es e a\u00e7\u00f5es aos associados\u201d, explicou o presidente da Anprotec, Jos\u00e9 Alberto Sampaio Aranha.<\/p>\n<p style=\"text-align: justify\">Uma das principais atividades dos L\u00edderes Tem\u00e1ticos \u00e9 orientar a Associa\u00e7\u00e3o na elabora\u00e7\u00e3o de documentos de refer\u00eancia, estudos e pesquisas sobre os temas.<\/p>\n<p style=\"text-align: justify\">O L\u00edder Tem\u00e1tico tamb\u00e9m pode liderar as microc\u00e2maras respons\u00e1veis por discutir, levantar sugest\u00f5es e propor projetos e a\u00e7\u00f5es que disseminem e fortale\u00e7am o tema no \u00e2mbito da Associa\u00e7\u00e3o.<\/p>\n<p style=\"text-align: justify\">Para auxiliar na dissemina\u00e7\u00e3o, implanta\u00e7\u00e3o e conceitua\u00e7\u00e3o do tema, a atua\u00e7\u00e3o de cada L\u00edder Tem\u00e1tico estar\u00e1 dispon\u00edvel na \u00e1rea restrita do site para associados da Anprotec, onde ser\u00e1 poss\u00edvel apresentar opini\u00f5es e sugest\u00f5es.<\/p>\n<p style=\"text-align: justify\">\u201cA partir das pr\u00f3ximas semanas, quinzenalmente, teremos, em destaque no Info-E, entrevistas com os L\u00edderes Tem\u00e1ticos, que apontar\u00e3o o andamento das discuss\u00f5es e propostas apresentadas em seus grupos\u201d, disse Aranha.<\/p>\n<p style=\"text-align: justify\">Al\u00e9m disso, os L\u00edderes Tem\u00e1ticos t\u00eam um grupo no Whatsapp para discuss\u00e3o dos temas e coleta de ideias e projetos. Se sua institui\u00e7\u00e3o \u00e9 associada \u00e0 Anprotec, fa\u00e7a parte do grupo de seu interesse. Envie um e-mail para o l\u00edder tem\u00e1tico com c\u00f3pia para\u00a0<a href=\"mailto:secretaria@anprotec.org.br\">secretaria@anprotec.org.br<\/a>\u00a0e\u00a0solicite sua entrada no grupo.<\/p>\n<p style=\"text-align: justify\">Conhe\u00e7a, abaixo os l\u00edderes tem\u00e1ticos.<\/p>\n<p style=\"text-align: justify\">E, <a href=\"https:\/\/anprotec.org.br\/site\/lideres-tematicos\/\" target=\"_blank\" rel=\"noopener\"><u>clique aqui<\/u><\/a>, para conhecer a atua\u00e7\u00e3o de cada um deles!<\/p>\n<table class=\" alignleft\" width=\"567\">\n<tbody>\n<tr>\n<td width=\"327\"><strong>Tema<\/strong><\/td>\n<td width=\"239\"><strong>L\u00edder Tem\u00e1tico<\/strong><\/td>\n<\/tr>\n<tr>\n<td width=\"327\">Aceleradoras<\/td>\n<td width=\"239\">Sandro Cortezia, Ventiur &#8211; RS<\/td>\n<\/tr>\n<tr>\n<td width=\"327\">Alian\u00e7as e Mecanismos de Inova\u00e7\u00e3o para Desenvolvimento de Munic\u00edpios<\/td>\n<td width=\"239\">\u00a0Renato Nunes, Unifal &#8211; MG<\/td>\n<\/tr>\n<tr>\n<td width=\"327\">Ambientes Urbanos de Inova\u00e7\u00e3o<\/td>\n<td width=\"239\">Ghissia Hauser, UFRGS- RS<\/td>\n<\/tr>\n<tr>\n<td width=\"327\">Biotech<\/td>\n<td width=\"239\">Eduardo Enrich, Biominas &#8211; MG<\/td>\n<\/tr>\n<tr>\n<td width=\"327\">Cidades Empreendedoras<\/td>\n<td width=\"239\">Rog\u00e9rio Abranches, Inatelb &#8211; MG<\/td>\n<\/tr>\n<tr>\n<td width=\"327\">Cria\u00e7\u00e3o de valor compartilhado com impacto positivo<\/td>\n<td width=\"239\">Rosangela Fraga Alves, IEITEC &#8211; RS<\/td>\n<\/tr>\n<tr>\n<td width=\"327\">Criatividade<\/td>\n<td width=\"239\">Luis Humberto de Mello Villwock, PUCRS &#8211; RS<\/td>\n<\/tr>\n<tr>\n<td width=\"327\">Economia Criativa<\/td>\n<td width=\"239\">Julia Zardo, PUC-Rio &#8211; RJ<\/td>\n<\/tr>\n<tr>\n<td width=\"327\">Economia Solid\u00e1ria<\/td>\n<td width=\"239\">Leonardo Leal, UFAL &#8211; AL<\/td>\n<\/tr>\n<tr>\n<td width=\"327\">Neg\u00f3cios de Impacto Social<\/td>\n<td width=\"239\">Fernanda Bombardi, ICE &#8211; SP<\/td>\n<\/tr>\n<tr>\n<td width=\"327\">Empreendedorismo<\/td>\n<td width=\"239\">Nelson Destro Fragoso, Mackenzie &#8211; SP<\/td>\n<\/tr>\n<tr>\n<td width=\"327\">Educa\u00e7\u00e3o Profissional e Tecnol\u00f3gica<\/td>\n<td width=\"239\">Luciano Toledo, IFES &#8211; ES<\/td>\n<\/tr>\n<tr>\n<td width=\"327\">Healthtech<\/td>\n<td width=\"239\">Eduardo Cicconi, Supera &#8211; SP<\/td>\n<\/tr>\n<tr>\n<td width=\"327\">Incubadoras consolidadas<\/td>\n<td width=\"239\">Tony Chierighini, Certi\/Celta &#8211; SC<\/td>\n<\/tr>\n<tr>\n<td width=\"327\">Institutos Senai de Inova\u00e7\u00e3o<\/td>\n<td width=\"239\">Flavio Marinho, Senai-Cimatec &#8211; BA<\/td>\n<\/tr>\n<tr>\n<td width=\"327\">Mentoring e Capital de Risco<\/td>\n<td width=\"239\">Alex Jacobs, OBr Aceleradora &#8211; RJ<\/td>\n<\/tr>\n<tr>\n<td width=\"327\">Parques Integrados \u00e0s Smart Cities<\/td>\n<td width=\"239\">Anderson Paiva Cruz, Parque Tecnol\u00f3gico do Rio Grande do Norte &#8211; RN<\/td>\n<\/tr>\n<tr>\n<td width=\"327\">Parques Tecnol\u00f3gicos Consolidados<\/td>\n<td width=\"239\">Elso Alberti J\u00fanior, Parque SJCampos &#8211; SP<\/td>\n<\/tr>\n<tr>\n<td width=\"327\">Parques Tecnol\u00f3gicos em Opera\u00e7\u00e3o<\/td>\n<td width=\"239\">Rubens Fujiki Maeda, CPqD &#8211; SP<\/td>\n<\/tr>\n<tr>\n<td width=\"327\">Redes<\/td>\n<td width=\"239\">Ana Cristina Alvarenga Lage, RMI &#8211; MG<\/td>\n<\/tr>\n<tr>\n<td width=\"327\">Sustentabilidade e Meio Ambiente<\/td>\n<td width=\"239\">Ramiro Wahrhaftige, PTI &#8211; PR<\/td>\n<\/tr>\n<\/tbody>\n<\/table>\n<p>&nbsp;<\/p>\n","protected":false},"excerpt":{"rendered":"<p>O Grupo Estendido de Dirigentes (GED) \u2013 ou apenas \u201cL\u00edderes<span class=\"excerpt-hellip\"> [\u2026]<\/span><\/p>\n","protected":false},"author":10,"featured_media":24871,"comment_status":"open","ping_status":"open","sticky":false,"template":"","format":"standard","meta":{"footnotes":"","_links_to":"","_links_to_target":""},"categories":[3],"tags":[],"calendar":[],"_links":{"self":[{"href":"https:\/\/anprotec.org.br\/site\/wp-json\/wp\/v2\/posts\/24866"}],"collection":[{"href":"https:\/\/anprotec.org.br\/site\/wp-json\/wp\/v2\/posts"}],"about":[{"href":"https:\/\/anprotec.org.br\/site\/wp-json\/wp\/v2\/types\/post"}],"author":[{"embeddable":true,"href":"https:\/\/anprotec.org.br\/site\/wp-json\/wp\/v2\/users\/10"}],"replies":[{"embeddable":true,"href":"https:\/\/anprotec.org.br\/site\/wp-json\/wp\/v2\/comments?post=24866"}],"version-history":[{"count":2,"href":"https:\/\/anprotec.org.br\/site\/wp-json\/wp\/v2\/posts\/24866\/revisions"}],"predecessor-version":[{"id":24888,"href":"https:\/\/anprotec.org.br\/site\/wp-json\/wp\/v2\/posts\/24866\/revisions\/24888"}],"wp:featuredmedia":[{"embeddable":true,"href":"https:\/\/anprotec.org.br\/site\/wp-json\/wp\/v2\/media\/24871"}],"wp:attachment":[{"href":"https:\/\/anprotec.org.br\/site\/wp-json\/wp\/v2\/media?parent=24866"}],"wp:term":[{"taxonomy":"category","embeddable":true,"href":"https:\/\/anprotec.org.br\/site\/wp-json\/wp\/v2\/categories?post=24866"},{"taxonomy":"post_tag","embeddable":true,"href":"https:\/\/anprotec.org.br\/site\/wp-json\/wp\/v2\/tags?post=24866"},{"taxonomy":"calendar","embeddable":true,"href":"https:\/\/anprotec.org.br\/site\/wp-json\/wp\/v2\/calendar?post=24866"}],"curies":[{"name":"wp","href":"https:\/\/api.w.org\/{rel}","templated":true}]}}