{"id":242,"date":"2012-09-12T17:06:51","date_gmt":"2012-09-12T20:06:51","guid":{"rendered":"http:\/\/douglasdasilva.com.br\/clients\/anprotec\/?p=242"},"modified":"2012-10-18T16:29:37","modified_gmt":"2012-10-18T19:29:37","slug":"seed-forum-finep-anprotec-inscricoes-para-assistir-ao-forum-seguem-ate-13-de-setembro","status":"publish","type":"post","link":"https:\/\/anprotec.org.br\/site\/2012\/09\/seed-forum-finep-anprotec-inscricoes-para-assistir-ao-forum-seguem-ate-13-de-setembro\/","title":{"rendered":"Seed Forum Finep Anprotec: inscri\u00e7\u00f5es para assistir ao f\u00f3rum seguem at\u00e9 13 de setembro"},"content":{"rendered":"<p style=\"text-align: justify;\">Est\u00e3o abertas, at\u00e9 o dia 13 de setembro, as inscri\u00e7\u00f5es para assistir gratuitamente ao Seed Forum Finep Anprotec, que ser\u00e1 realizado no dia 18 de setembro, em Foz do Igua\u00e7u (PR), durante o XXII Semin\u00e1rio Nacional de Parques Tecnol\u00f3gicos e Incubadoras de Empresas e XX Workshop Anprotec. As vagas s\u00e3o limitadas, com prefer\u00eancia para o p\u00fablico investidor.<\/p>\n<p style=\"text-align: justify;\">O evento \u00e9 organizado pela Finep por interm\u00e9dio do Programa Inovar, e realizado em parceria com a Anprotec, com o apoio do BID\/FUMIN. A Abvcap (Associa\u00e7\u00e3o Brasileira de Venture Capital &amp; Private Equity) \u00e9 apoiadora do evento na atra\u00e7\u00e3o de investidores.<\/p>\n<p style=\"text-align: justify;\">O Seed Forum \u00e9 um programa de capacita\u00e7\u00e3o empresarial consolidado em eventos nos quais os empres\u00e1rios participantes t\u00eam a oportunidade de se apresentar para potenciais investidores, como fundos de investimentos, investidores corporativos e investidores anjos.<\/p>\n<p style=\"text-align: justify;\">Neste evento, as empresas participantes s\u00e3o incubadas, graduadas ou associadas a uma das incubadoras de empresas e parques tecnol\u00f3gicos vinculados \u00e0 Anprotec. Os neg\u00f3cios est\u00e3o em est\u00e1gio pr\u00e9-operacional ou operacional, com faturamento de at\u00e9 R$ 10 milh\u00f5es\/ano, tendo a inova\u00e7\u00e3o como elemento de diferencia\u00e7\u00e3o em seu mercado.<\/p>\n<p style=\"text-align: justify;\">Este \u00e9 o primeiro Seed Forum de abrang\u00eancia nacional. Para as empresas participantes \u00e9 uma boa oportunidade de se apresentar a investidores de todo o Brasil. Para a Anprotec, \u00e9 uma forma de abrir espa\u00e7o para mostrar a capacidade das entidades associadas, em especial parques tecnol\u00f3gicos e incubadoras, de gerar neg\u00f3cios inovadores e promissores para investimento de capital empreendedor. Em caso de d\u00favidas, os interessados devem procurar a FINEP no seguinte e-mail: forum@finep.gov.br<\/p>\n<p>&nbsp;<\/p>\n<p><span style=\"color: #999999;\"><em>Programa\u00e7\u00e3o do evento:<\/em><\/span><\/p>\n<p><span style=\"color: #999999;\">13h30 &#8211; 14h30 &#8211; Cadastramento e boas vindas<\/span><\/p>\n<p><span style=\"color: #999999;\">14h30 &#8211; 14h50 &#8211; Abertura<\/span><\/p>\n<p><span style=\"color: #999999;\">14h50 &#8211; 16h30 &#8211; Apresenta\u00e7\u00e3o das empresas<\/span><\/p>\n<p><span style=\"color: #999999;\">16h30 &#8211; 18h00 &#8211; Coquetel de intera\u00e7\u00e3o<\/span><\/p>\n","protected":false},"excerpt":{"rendered":"<p>Evento acontecer\u00e1 no dia 18 de setembro. A inscri\u00e7\u00e3o \u00e9 gratuita. As vagas s\u00e3o limitadas, com prefer\u00eancia para o p\u00fablico investidor.<\/p>\n","protected":false},"author":8,"featured_media":0,"comment_status":"open","ping_status":"open","sticky":false,"template":"","format":"standard","meta":{"footnotes":"","_links_to":"","_links_to_target":""},"categories":[3],"tags":[],"calendar":[],"_links":{"self":[{"href":"https:\/\/anprotec.org.br\/site\/wp-json\/wp\/v2\/posts\/242"}],"collection":[{"href":"https:\/\/anprotec.org.br\/site\/wp-json\/wp\/v2\/posts"}],"about":[{"href":"https:\/\/anprotec.org.br\/site\/wp-json\/wp\/v2\/types\/post"}],"author":[{"embeddable":true,"href":"https:\/\/anprotec.org.br\/site\/wp-json\/wp\/v2\/users\/8"}],"replies":[{"embeddable":true,"href":"https:\/\/anprotec.org.br\/site\/wp-json\/wp\/v2\/comments?post=242"}],"version-history":[{"count":3,"href":"https:\/\/anprotec.org.br\/site\/wp-json\/wp\/v2\/posts\/242\/revisions"}],"predecessor-version":[{"id":433,"href":"https:\/\/anprotec.org.br\/site\/wp-json\/wp\/v2\/posts\/242\/revisions\/433"}],"wp:attachment":[{"href":"https:\/\/anprotec.org.br\/site\/wp-json\/wp\/v2\/media?parent=242"}],"wp:term":[{"taxonomy":"category","embeddable":true,"href":"https:\/\/anprotec.org.br\/site\/wp-json\/wp\/v2\/categories?post=242"},{"taxonomy":"post_tag","embeddable":true,"href":"https:\/\/anprotec.org.br\/site\/wp-json\/wp\/v2\/tags?post=242"},{"taxonomy":"calendar","embeddable":true,"href":"https:\/\/anprotec.org.br\/site\/wp-json\/wp\/v2\/calendar?post=242"}],"curies":[{"name":"wp","href":"https:\/\/api.w.org\/{rel}","templated":true}]}}