{"id":23791,"date":"2018-03-29T15:17:55","date_gmt":"2018-03-29T18:17:55","guid":{"rendered":"http:\/\/anprotec.org.br\/site\/?p=23791"},"modified":"2018-04-06T21:54:49","modified_gmt":"2018-04-07T00:54:49","slug":"brasilia-recebe-encontro-regional-centro-oeste-sobre-smart-cities","status":"publish","type":"post","link":"https:\/\/anprotec.org.br\/site\/2018\/03\/brasilia-recebe-encontro-regional-centro-oeste-sobre-smart-cities\/","title":{"rendered":"Bras\u00edlia recebe Encontro Regional Centro-Oeste sobre Smart Cities"},"content":{"rendered":"<p><img decoding=\"async\" loading=\"lazy\" class=\"size-full wp-image-23792 alignleft\" src=\"https:\/\/anprotec.org.br\/site\/wp-content\/uploads\/2018\/03\/smart-cities.jpg\" alt=\"\" width=\"270\" height=\"160\" srcset=\"https:\/\/anprotec.org.br\/site\/wp-content\/uploads\/2018\/03\/smart-cities.jpg 270w, https:\/\/anprotec.org.br\/site\/wp-content\/uploads\/2018\/03\/smart-cities-246x146.jpg 246w, https:\/\/anprotec.org.br\/site\/wp-content\/uploads\/2018\/03\/smart-cities-50x30.jpg 50w, https:\/\/anprotec.org.br\/site\/wp-content\/uploads\/2018\/03\/smart-cities-127x75.jpg 127w\" sizes=\"(max-width: 270px) 100vw, 270px\" \/><\/p>\n<p style=\"text-align: justify\">Patrim\u00f4nio Cultural da Humanidade, a capital federal conta com 112,25 km\u00b2 de \u00e1rea tombada com monumentos e edif\u00edcios que s\u00e3o marco da arquitetura. Bras\u00edlia tamb\u00e9m \u00e9 um dos destaques do Ranking Connected Smart Cities, realizado pela Urban Systems em parceria com a Sator, sendo a primeira colocada em Tecnologia e Inova\u00e7\u00e3o, Mobilidade, Economia, Sa\u00fade e Governan\u00e7a, considerando a classifica\u00e7\u00e3o Regi\u00e3o Centro-Oeste.<\/p>\n<p style=\"text-align: justify\">Para debater os indicativos de Bras\u00edlia\/DF e de outras capitais do Centro-Oeste, como Goi\u00e2nia\/GO, Campo Grande\/MS e Cuiab\u00e1\/MT, especialistas ir\u00e3o se reunir, na capital federal, no dia 19 de abril, no\u00a0<strong>Encontro Connected Smart Cities Regional Centro-Oeste<\/strong>,\u00a0<strong>realizado em parceria com a ANPTrilhos \u2013 Associa\u00e7\u00e3o Nacional dos Transportadores de Passageiros sobre Trilhos.<\/strong><\/p>\n<p style=\"text-align: justify\"><strong>O evento, que ser\u00e1 realizado na Sede da CNT \u2013 Confedera\u00e7\u00e3o Nacional do Transporte<\/strong>, faz parte do Connected Smart Cities e conta com a participa\u00e7\u00e3o de empresas, entidades e governo. O objetivo do F\u00f3rum \u00e9 encontrar solu\u00e7\u00f5es inovadoras com foco em cidades mais inteligentes e conectadas.<\/p>\n<p style=\"text-align: justify\">Entre as cidades participantes do Ranking Connected Smart Cities Regi\u00e3o Centro-Oeste, a capital Campo Grande est\u00e1 na segunda coloca\u00e7\u00e3o em Empreendedorismo, Tecnologia e Inova\u00e7\u00e3o, Educa\u00e7\u00e3o, Urbanismo e Governan\u00e7a. J\u00e1 Goi\u00e2nia conquistou a primeira coloca\u00e7\u00e3o em Tecnologia e Inova\u00e7\u00e3o, Educa\u00e7\u00e3o e Empreendedorismo. Cuiab\u00e1 est\u00e1 na terceira posi\u00e7\u00e3o em Empreendedorismo e Tecnologia e Inova\u00e7\u00e3o e quarta em Governan\u00e7a no Ranking Regional.<\/p>\n<p style=\"text-align: justify\">De acordo com Roberta Marchesi, Superintendente da ANPTrilhos \u2013 Associa\u00e7\u00e3o Nacional dos Transportadores de Passageiros sobre Trilhos, entidade apoiadora do Encontro Regional Centro-Oeste, um evento como esse viabiliza a discurs\u00e3o sobre temas importantes para o desenvolvimento das cidades, como a mobilidade que faz parte dos indicadores do Ranking. \u201c\u00c9 necess\u00e1rio e urgente o desenvolvimento de a\u00e7\u00f5es conjuntas entre governo, entidades, empresas e a sociedade com o objetivo de tornar, por meio de a\u00e7\u00f5es integradas, as cidades mais acess\u00edveis para todos. A mobilidade, sem d\u00favida, \u00e9 fator primordial no processo da melhoria da qualidade de vida da popula\u00e7\u00e3o\u201d, cita.<\/p>\n<p style=\"text-align: justify\">Para\u00a0<em>Paula Faria<\/em>, diretora executiva da\u00a0<em>Sator<\/em>, empresa organizadora do evento,\u00a0o encontro \u00e9 voltado para a discuss\u00e3o e neg\u00f3cios de cidades inteligentes do Brasil e, assim como no encontro Regional Nordeste que aconteceu em Salvador e foi record de p\u00fablico, esta edi\u00e7\u00e3o tamb\u00e9m cumprir\u00e1 o papel de desenhar um panorama de desenvolvimento de cidades inteligentes na Regi\u00e3o Centro-Oeste. \u201cO evento ser\u00e1 uma oportunidade para que o poder p\u00fablico avalie as melhores pr\u00e1ticas de cidades inteligentes e, consequentemente, possa desenvolver a\u00e7\u00f5es que potencializem ainda mais os pontos fortes alcan\u00e7ados no Ranking, al\u00e9m de poderem criar mecanismos para melhorar os indicativos que precisam de aten\u00e7\u00e3o\u201d, cita.<\/p>\n<p style=\"text-align: justify\">Os Encontros Regionais Connected Smart Cities Cities s\u00e3o realizados paralelamente ao evento principal, que este ano acontece nos dias 4 e 5 de setembro, no Centro de Conven\u00e7\u00f5es Frei Caneca, em S\u00e3o Paulo\/SP. Os eventos regionais buscam debater solu\u00e7\u00f5es para o desenvolvimento das cidades com base em informa\u00e7\u00f5es e necessidades de cada regi\u00e3o.<\/p>\n<p style=\"text-align: justify\"><strong>Servi\u00e7o<\/strong><\/p>\n<p style=\"text-align: justify\"><strong>Encontro Connected Smart Cities Regional Centro-Oeste \u2013 Bras\u00edlia\/DF<br \/>\n<\/strong><strong>Data:\u00a0<\/strong>19 de abril de 2018<br \/>\n<strong>Local:\u00a0<\/strong>CNT \u2013 Confedera\u00e7\u00e3o Nacional do Transporte \u2013 SAUS<br \/>\nQ.1 \u2013 Bloco J \u2013 Entradas 10 e 20 Ed. CNT \u2013 Bras\u00edlia\/DF<\/p>\n<p style=\"text-align: justify\"><strong>Sobre o Connected Smart Cities<\/strong><\/p>\n<p style=\"text-align: justify\">O Connected Smart Cities, principal evento do setor no Brasil, \u00e9 realizado pela Sator e envolve empresas, entidades e governos em uma plataforma que tem por miss\u00e3o encontrar o DNA de inova\u00e7\u00e3o e melhorias para cidades mais inteligentes e conectadas umas com as outras, sejam elas pequenas ou megacidades.<\/p>\n<p style=\"text-align: justify\">A 3\u00aa edi\u00e7\u00e3o do evento aconteceu em 2017, na capital paulista<strong>. Este ano, o encontro ser\u00e1 realizado nos dias 4 e 5 de setembro, no Centro de Conven\u00e7\u00f5es Frei Caneca, em S\u00e3o Paulo\/SP\u00a0<\/strong>(Mais Informa\u00e7\u00f5es:\u00a0<a href=\"http:\/\/www.connectedsmartcities.com.br\/\" target=\"_blank\" rel=\"noopener\">www.connectedsmartcities.com.br<\/a>).<\/p>\n<p style=\"text-align: justify\"><strong>Ranking<\/strong><\/p>\n<p style=\"text-align: justify\">O Ranking Connected Smart Cities foi desenvolvido pela Urban Systems, atrav\u00e9s de metodologia pr\u00f3pria e exclusiva, em parceria com a Sator, empresa organizadora do evento hom\u00f4nimo.<\/p>\n<p style=\"text-align: justify\">Al\u00e9m de considerar os conceitos de cidades inteligentes, como tecnologia, meio ambiente e sustentabilidade, o Ranking Connected Smart Cities considera conceito de conectividade, investimentos em saneamento, import\u00e2ncia da educa\u00e7\u00e3o na forma\u00e7\u00e3o e reprodu\u00e7\u00e3o dos potenciais das cidades e sustentabilidade econ\u00f4mica. Feito com o objetivo de mapear as cidades com maior potencial de desenvolvimento no Brasil, por meio de indicadores que retratam intelig\u00eancia, conex\u00e3o e sustentabilidade, o Ranking \u00e9 composto por indicadores de 11 principais setores: mobilidade, urbanismo, meio ambiente, energia, tecnologia e inova\u00e7\u00e3o, economia, educa\u00e7\u00e3o, sa\u00fade, seguran\u00e7a, empreendedorismo e governan\u00e7a.<\/p>\n<p style=\"text-align: justify\"><strong>Todos os indicadores do Ranking Connected Smart Cities 2017 est\u00e3o dispon\u00edveis em:<\/strong><a href=\"http:\/\/www.connectedsmartcities.com.br\/resultados-do-ranking-connected-smart-cities\/\" target=\"_blank\" rel=\"noopener\">www.connectedsmartcities.com.br\/resultados-do-ranking-connected-smart-cities\/<\/a><\/p>\n<p style=\"text-align: justify\"><strong>Sobre a Sator<\/strong><\/p>\n<p style=\"text-align: justify\">Fundada em 2005, a empresa iniciou suas atividades como produtora de eventos,\u00a0 oferecendo, ainda, servi\u00e7os voltados para a comercializa\u00e7\u00e3o e comunica\u00e7\u00e3o dos eventos que organizava. Recentemente, descobriu-se como uma organiza\u00e7\u00e3o desenvolvedora de plataformas de neg\u00f3cios, que consiste em identificar, planejar e desenvolver oportunidades por meio de encontros presenciais como semin\u00e1rios, feiras, rodadas de neg\u00f3cios, m\u00eddia online e impressa.<\/p>\n<p style=\"text-align: justify\">A Sator conta com ampla experi\u00eancia na organiza\u00e7\u00e3o de eventos como a Airport Infra Expo, Labace, Latin American Business Aviation Conference &amp; Exhibition (entre 2007 e 2010), a Feira Nacional de Avia\u00e7\u00e3o Civil (entre 2008 e 2010), o Broa Fly-in (2006 a 2008), o Connected Smart Cities (desde 2015), o PPP Awards &amp; conference (desde 2017) e o F\u00f3rum de Mobilidade da\u00a0 ANPTrilhos (em 2018).<\/p>\n<p style=\"text-align: justify\"><strong>Mais Informa\u00e7\u00f5es \u00e0 Imprensa<\/strong><\/p>\n<p style=\"text-align: justify\">Assessoria de Comunica\u00e7\u00e3o e Imprensa do Connected Smart Cities<br \/>\nEliane Jer\u00f4nimo Bueno (Mtb 50559)<br \/>\n+55 11 9 9234-4911<br \/>\nE-mail:\u00a0<a href=\"mailto:imprensa@sators.com.br\">imprensa@sators.com.br<\/a><\/p>\n","protected":false},"excerpt":{"rendered":"<p>Patrim\u00f4nio Cultural da Humanidade, a capital federal conta com 112,25<span class=\"excerpt-hellip\"> [\u2026]<\/span><\/p>\n","protected":false},"author":10,"featured_media":23792,"comment_status":"open","ping_status":"open","sticky":false,"template":"","format":"standard","meta":{"footnotes":"","_links_to":"","_links_to_target":""},"categories":[3],"tags":[],"calendar":[],"_links":{"self":[{"href":"https:\/\/anprotec.org.br\/site\/wp-json\/wp\/v2\/posts\/23791"}],"collection":[{"href":"https:\/\/anprotec.org.br\/site\/wp-json\/wp\/v2\/posts"}],"about":[{"href":"https:\/\/anprotec.org.br\/site\/wp-json\/wp\/v2\/types\/post"}],"author":[{"embeddable":true,"href":"https:\/\/anprotec.org.br\/site\/wp-json\/wp\/v2\/users\/10"}],"replies":[{"embeddable":true,"href":"https:\/\/anprotec.org.br\/site\/wp-json\/wp\/v2\/comments?post=23791"}],"version-history":[{"count":2,"href":"https:\/\/anprotec.org.br\/site\/wp-json\/wp\/v2\/posts\/23791\/revisions"}],"predecessor-version":[{"id":24173,"href":"https:\/\/anprotec.org.br\/site\/wp-json\/wp\/v2\/posts\/23791\/revisions\/24173"}],"wp:featuredmedia":[{"embeddable":true,"href":"https:\/\/anprotec.org.br\/site\/wp-json\/wp\/v2\/media\/23792"}],"wp:attachment":[{"href":"https:\/\/anprotec.org.br\/site\/wp-json\/wp\/v2\/media?parent=23791"}],"wp:term":[{"taxonomy":"category","embeddable":true,"href":"https:\/\/anprotec.org.br\/site\/wp-json\/wp\/v2\/categories?post=23791"},{"taxonomy":"post_tag","embeddable":true,"href":"https:\/\/anprotec.org.br\/site\/wp-json\/wp\/v2\/tags?post=23791"},{"taxonomy":"calendar","embeddable":true,"href":"https:\/\/anprotec.org.br\/site\/wp-json\/wp\/v2\/calendar?post=23791"}],"curies":[{"name":"wp","href":"https:\/\/api.w.org\/{rel}","templated":true}]}}