{"id":2361,"date":"2013-04-30T10:15:06","date_gmt":"2013-04-30T13:15:06","guid":{"rendered":"http:\/\/anprotec.org.br\/site\/?p=2361"},"modified":"2013-04-30T10:17:27","modified_gmt":"2013-04-30T13:17:27","slug":"editais-abertos-para-incubacao-no-centevufv","status":"publish","type":"post","link":"https:\/\/anprotec.org.br\/site\/2013\/04\/editais-abertos-para-incubacao-no-centevufv\/","title":{"rendered":"Editais abertos para incuba\u00e7\u00e3o no Centev\/UFV"},"content":{"rendered":"<p style=\"text-align: justify;\" align=\"center\">A Incubadora de Base Tecnol\u00f3gica do Centro Tecnol\u00f3gico de Desenvolvimento Regional de Vi\u00e7osa (Centev), de Minas Gerais, est\u00e1 selecionando \u00a0projetos de neg\u00f3cio e empreendimentos para os programas de pr\u00e9-incuba\u00e7\u00e3o e incuba\u00e7\u00e3o, respectivamente. As propostas podem ser encaminhadas at\u00e9 o pr\u00f3ximo dia 21 de junho.<\/p>\n<p style=\"text-align: justify;\">A pr\u00e9-incuba\u00e7\u00e3o contempla um conjunto de atividades que objetivam preparar os projetos que tenham potencial de neg\u00f3cios, com \u00eanfase na conscientiza\u00e7\u00e3o empreendedora, no desenvolvimento do prot\u00f3tipo do produto\/processo\/servi\u00e7o e do Plano de Neg\u00f3cios, e na capacita\u00e7\u00e3o empresarial dos empreendedores para a gest\u00e3o do neg\u00f3cio.<\/p>\n<p style=\"text-align: justify;\">A incuba\u00e7\u00e3o, por sua vez, tem foco no fortalecimento de empresas nascentes com \u00eanfase na forma\u00e7\u00e3o do empreendedor e estrutura\u00e7\u00e3o de seu neg\u00f3cio.<\/p>\n<p style=\"text-align: justify;\">As propostas podem ser submetidas por meio do link <a href=\"http:\/\/www.selecao.centev.std1.net\/frente.php\">www.selecao.centev.std1.net\/frente.php.<\/a>\u00a0A inscri\u00e7\u00e3o custa \u00a0R$ 120,00 para pr\u00e9-incuba\u00e7\u00e3o e \u00a0R$ 170,00 para incuba\u00e7\u00e3o.<\/p>\n","protected":false},"excerpt":{"rendered":"<p>Incubadora de Base Tecnol\u00f3gica do Centro Tecnol\u00f3gico de Desenvolvimento Regional de Vi\u00e7osa (MG) est\u00e1 selecionado projetos e empreendimentos para os programas de pr\u00e9-incuba\u00e7\u00e3o e incuba\u00e7\u00e3o. <\/p>\n","protected":false},"author":8,"featured_media":2283,"comment_status":"open","ping_status":"open","sticky":false,"template":"","format":"standard","meta":{"footnotes":"","_links_to":"","_links_to_target":""},"categories":[3],"tags":[],"calendar":[],"_links":{"self":[{"href":"https:\/\/anprotec.org.br\/site\/wp-json\/wp\/v2\/posts\/2361"}],"collection":[{"href":"https:\/\/anprotec.org.br\/site\/wp-json\/wp\/v2\/posts"}],"about":[{"href":"https:\/\/anprotec.org.br\/site\/wp-json\/wp\/v2\/types\/post"}],"author":[{"embeddable":true,"href":"https:\/\/anprotec.org.br\/site\/wp-json\/wp\/v2\/users\/8"}],"replies":[{"embeddable":true,"href":"https:\/\/anprotec.org.br\/site\/wp-json\/wp\/v2\/comments?post=2361"}],"version-history":[{"count":3,"href":"https:\/\/anprotec.org.br\/site\/wp-json\/wp\/v2\/posts\/2361\/revisions"}],"predecessor-version":[{"id":2363,"href":"https:\/\/anprotec.org.br\/site\/wp-json\/wp\/v2\/posts\/2361\/revisions\/2363"}],"wp:featuredmedia":[{"embeddable":true,"href":"https:\/\/anprotec.org.br\/site\/wp-json\/wp\/v2\/media\/2283"}],"wp:attachment":[{"href":"https:\/\/anprotec.org.br\/site\/wp-json\/wp\/v2\/media?parent=2361"}],"wp:term":[{"taxonomy":"category","embeddable":true,"href":"https:\/\/anprotec.org.br\/site\/wp-json\/wp\/v2\/categories?post=2361"},{"taxonomy":"post_tag","embeddable":true,"href":"https:\/\/anprotec.org.br\/site\/wp-json\/wp\/v2\/tags?post=2361"},{"taxonomy":"calendar","embeddable":true,"href":"https:\/\/anprotec.org.br\/site\/wp-json\/wp\/v2\/calendar?post=2361"}],"curies":[{"name":"wp","href":"https:\/\/api.w.org\/{rel}","templated":true}]}}