{"id":22915,"date":"2018-03-13T18:23:13","date_gmt":"2018-03-13T21:23:13","guid":{"rendered":"http:\/\/anprotec.org.br\/site\/?p=22915"},"modified":"2018-03-13T19:37:54","modified_gmt":"2018-03-13T22:37:54","slug":"cnpq-divulga-resultado-preliminar-de-apoio-insercao-de-pesquisadores-em-empresas-incubadas","status":"publish","type":"post","link":"https:\/\/anprotec.org.br\/site\/2018\/03\/cnpq-divulga-resultado-preliminar-de-apoio-insercao-de-pesquisadores-em-empresas-incubadas\/","title":{"rendered":"CNPq divulga 1\u00ba resultado de apoio a pesquisadores em empresas incubadas"},"content":{"rendered":"<p>[:pt]<\/p>\n<p style=\"text-align: justify\"><img decoding=\"async\" loading=\"lazy\" class=\"alignleft size-medium wp-image-18778\" src=\"https:\/\/anprotec.org.br\/site\/wp-content\/uploads\/2017\/05\/shutterstock_516771484-300x200.jpg\" alt=\"shutterstock_516771484\" width=\"300\" height=\"200\" srcset=\"https:\/\/anprotec.org.br\/site\/wp-content\/uploads\/2017\/05\/shutterstock_516771484-300x200.jpg 300w, https:\/\/anprotec.org.br\/site\/wp-content\/uploads\/2017\/05\/shutterstock_516771484-768x512.jpg 768w, https:\/\/anprotec.org.br\/site\/wp-content\/uploads\/2017\/05\/shutterstock_516771484-1024x683.jpg 1024w, https:\/\/anprotec.org.br\/site\/wp-content\/uploads\/2017\/05\/shutterstock_516771484.jpg 2048w\" sizes=\"(max-width: 300px) 100vw, 300px\" \/>O Conselho Nacional de Desenvolvimento Cient\u00edfico e Tecnol\u00f3gico (CNPq) divulgou, nesta ter\u00e7a-feira (13), o resultado provis\u00f3rio da Chamada<a href=\"http:\/\/www.cnpq.br\/web\/guest\/chamadas-publicas?p_p_id=resultadosportlet_WAR_resultadoscnpqportlet_INSTANCE_0ZaM&amp;filtro=encerradas&amp;detalha=chamadaDivulgada&amp;idDivulgacao=7822\" target=\"_blank\" rel=\"noopener\">\u00a0CNPq\/MCTIC\/SETEC N\u00ba 31\/2017<\/a>, de apoio \u00e0 inser\u00e7\u00e3o de pesquisadores em empresas incubadas.<\/p>\n<p style=\"text-align: justify\">Lan\u00e7ada em novembro do ano passado, a Chamada tem o objetivo de apoiar projetos de P&amp;D ao inserir pesquisadores em empresas privadas vinculadas \u00e0s incubadoras de empresas em opera\u00e7\u00e3o no pa\u00eds.<\/p>\n<p style=\"text-align: justify\">A partir dessa divulga\u00e7\u00e3o, fica a aberto o prazo para interposi\u00e7\u00e3o de recursos, de dez dias, para ent\u00e3o, ser anunciado o resultado final da Chamada.<\/p>\n<p style=\"text-align: justify\">Confira\u00a0<a href=\"http:\/\/cnpq.br\/documents\/10157\/6041845\/Aprovados-Preliminar.pdf\/8f2cc080-5105-4742-b7e4-ba08c449ca5e\" target=\"_blank\" rel=\"noopener\">aqui<\/a>\u00a0a tabela de projetos selecionados.<\/p>\n<p style=\"text-align: justify\"><em>* Com informa\u00e7\u00f5es do CNPq.\u00a0<\/em><\/p>\n<p>[:]<\/p>\n","protected":false},"excerpt":{"rendered":"<p>[:pt]A partir dessa divulga\u00e7\u00e3o, fica a aberto o prazo para interposi\u00e7\u00e3o de recursos, de dez dias, para ent\u00e3o, ser anunciado o resultado final.[:]<\/p>\n","protected":false},"author":8,"featured_media":22916,"comment_status":"open","ping_status":"open","sticky":false,"template":"","format":"standard","meta":{"footnotes":"","_links_to":"","_links_to_target":""},"categories":[3],"tags":[],"calendar":[],"_links":{"self":[{"href":"https:\/\/anprotec.org.br\/site\/wp-json\/wp\/v2\/posts\/22915"}],"collection":[{"href":"https:\/\/anprotec.org.br\/site\/wp-json\/wp\/v2\/posts"}],"about":[{"href":"https:\/\/anprotec.org.br\/site\/wp-json\/wp\/v2\/types\/post"}],"author":[{"embeddable":true,"href":"https:\/\/anprotec.org.br\/site\/wp-json\/wp\/v2\/users\/8"}],"replies":[{"embeddable":true,"href":"https:\/\/anprotec.org.br\/site\/wp-json\/wp\/v2\/comments?post=22915"}],"version-history":[{"count":1,"href":"https:\/\/anprotec.org.br\/site\/wp-json\/wp\/v2\/posts\/22915\/revisions"}],"predecessor-version":[{"id":22917,"href":"https:\/\/anprotec.org.br\/site\/wp-json\/wp\/v2\/posts\/22915\/revisions\/22917"}],"wp:featuredmedia":[{"embeddable":true,"href":"https:\/\/anprotec.org.br\/site\/wp-json\/wp\/v2\/media\/22916"}],"wp:attachment":[{"href":"https:\/\/anprotec.org.br\/site\/wp-json\/wp\/v2\/media?parent=22915"}],"wp:term":[{"taxonomy":"category","embeddable":true,"href":"https:\/\/anprotec.org.br\/site\/wp-json\/wp\/v2\/categories?post=22915"},{"taxonomy":"post_tag","embeddable":true,"href":"https:\/\/anprotec.org.br\/site\/wp-json\/wp\/v2\/tags?post=22915"},{"taxonomy":"calendar","embeddable":true,"href":"https:\/\/anprotec.org.br\/site\/wp-json\/wp\/v2\/calendar?post=22915"}],"curies":[{"name":"wp","href":"https:\/\/api.w.org\/{rel}","templated":true}]}}