{"id":22910,"date":"2018-03-12T17:42:52","date_gmt":"2018-03-12T20:42:52","guid":{"rendered":"http:\/\/anprotec.org.br\/site\/?p=22910"},"modified":"2018-03-13T19:43:43","modified_gmt":"2018-03-13T22:43:43","slug":"participe-da-consulta-publica-sobre-o-projeto-de-lei-que-altera-lei-da-micro-e-pequena-empresa","status":"publish","type":"post","link":"https:\/\/anprotec.org.br\/site\/2018\/03\/participe-da-consulta-publica-sobre-o-projeto-de-lei-que-altera-lei-da-micro-e-pequena-empresa\/","title":{"rendered":"Participe da Consulta sobre o PLS que altera a Lei da Micro e Pequena Empresa"},"content":{"rendered":"<p>[:pt]<\/p>\n<p style=\"text-align: justify\">Est\u00e1 em tramita\u00e7\u00e3o, no Senado Federal, o Projeto de Lei que altera a Lei da Micro e Pequena Empresa para prever isen\u00e7\u00e3o de imposto de renda \u00e0 remunera\u00e7\u00e3o paga ao investidor-anjo e ao exerc\u00edcio do direito de resgate de investimentos feitos, bem como para excluir tais valores da base de c\u00e1lculo dos tributos que especifica exig\u00edveis da pessoa jur\u00eddica.<\/p>\n<p style=\"text-align: justify\">Trata-se de uma mat\u00e9ria importante para o setor para tornar mais atrativo o investimento em startups.<\/p>\n<p style=\"text-align: justify\">A participa\u00e7\u00e3o do maior n\u00famero de pessoas \u00e9 de extrema import\u00e2ncia para sensibilizar os senadores quanto a necessidade de aprova\u00e7\u00e3o do projeto e para aumentar a seguran\u00e7a jur\u00eddica no setor.<\/p>\n<p style=\"text-align: justify\"><strong>Projeto de Lei do Senado n\u00ba 494, de 2017<\/strong><\/p>\n<p style=\"text-align: justify\"><em>Ementa:<\/em> Altera a Lei Complementar n\u00ba 123, de 14 de dezembro de 2006, para isentar do Imposto sobre a Renda, da Contribui\u00e7\u00e3o Social sobre o Lucro L\u00edquido, da Contribui\u00e7\u00e3o para o PIS\/Pasep e da Cofins os rendimentos decorrentes da remunera\u00e7\u00e3o prevista em contrato de participa\u00e7\u00e3o e do direito de resgate do aporte de capital efetuado por investidor-anjo.<\/p>\n<p style=\"text-align: justify\"><a href=\"https:\/\/www25.senado.leg.br\/web\/atividade\/materias\/-\/materia\/131880\" target=\"_blank\" rel=\"noopener\">Clique aqui<\/a> e saiba mais!<\/p>\n<p style=\"text-align: justify\"><a href=\"https:\/\/www12.senado.leg.br\/ecidadania\/visualizacaomateria?id=131880\" target=\"_blank\" rel=\"noopener\">Participe da Consulta P\u00fablica!<\/a><\/p>\n<p>[:]<\/p>\n","protected":false},"excerpt":{"rendered":"<p>[:pt]Projeto de Lei do Senado n\u00ba 494, de 2017 altera a Lei para prever isen\u00e7\u00e3o de imposto de renda \u00e0 remunera\u00e7\u00e3o paga ao investidor-anjo[:]<\/p>\n","protected":false},"author":8,"featured_media":22918,"comment_status":"open","ping_status":"open","sticky":false,"template":"","format":"standard","meta":{"footnotes":"","_links_to":"","_links_to_target":""},"categories":[3],"tags":[],"calendar":[],"_links":{"self":[{"href":"https:\/\/anprotec.org.br\/site\/wp-json\/wp\/v2\/posts\/22910"}],"collection":[{"href":"https:\/\/anprotec.org.br\/site\/wp-json\/wp\/v2\/posts"}],"about":[{"href":"https:\/\/anprotec.org.br\/site\/wp-json\/wp\/v2\/types\/post"}],"author":[{"embeddable":true,"href":"https:\/\/anprotec.org.br\/site\/wp-json\/wp\/v2\/users\/8"}],"replies":[{"embeddable":true,"href":"https:\/\/anprotec.org.br\/site\/wp-json\/wp\/v2\/comments?post=22910"}],"version-history":[{"count":1,"href":"https:\/\/anprotec.org.br\/site\/wp-json\/wp\/v2\/posts\/22910\/revisions"}],"predecessor-version":[{"id":22923,"href":"https:\/\/anprotec.org.br\/site\/wp-json\/wp\/v2\/posts\/22910\/revisions\/22923"}],"wp:featuredmedia":[{"embeddable":true,"href":"https:\/\/anprotec.org.br\/site\/wp-json\/wp\/v2\/media\/22918"}],"wp:attachment":[{"href":"https:\/\/anprotec.org.br\/site\/wp-json\/wp\/v2\/media?parent=22910"}],"wp:term":[{"taxonomy":"category","embeddable":true,"href":"https:\/\/anprotec.org.br\/site\/wp-json\/wp\/v2\/categories?post=22910"},{"taxonomy":"post_tag","embeddable":true,"href":"https:\/\/anprotec.org.br\/site\/wp-json\/wp\/v2\/tags?post=22910"},{"taxonomy":"calendar","embeddable":true,"href":"https:\/\/anprotec.org.br\/site\/wp-json\/wp\/v2\/calendar?post=22910"}],"curies":[{"name":"wp","href":"https:\/\/api.w.org\/{rel}","templated":true}]}}