{"id":2281,"date":"2013-04-19T15:37:42","date_gmt":"2013-04-19T18:37:42","guid":{"rendered":"http:\/\/anprotec.org.br\/site\/?p=2281"},"modified":"2013-04-19T15:43:28","modified_gmt":"2013-04-19T18:43:28","slug":"empresa-da-uniube-recebe-premio-de-sustentabilidade","status":"publish","type":"post","link":"https:\/\/anprotec.org.br\/site\/2013\/04\/empresa-da-uniube-recebe-premio-de-sustentabilidade\/","title":{"rendered":"Empresa da Uniube recebe pr\u00eamio de sustentabilidade"},"content":{"rendered":"<p style=\"text-align: justify;\"><a href=\"https:\/\/anprotec.org.br\/site\/wp-content\/uploads\/2013\/04\/shutterstock_115873216.jpg\"><img decoding=\"async\" loading=\"lazy\" class=\"alignleft size-thumbnail wp-image-2283\" alt=\"shutterstock_115873216\" src=\"https:\/\/anprotec.org.br\/site\/wp-content\/uploads\/2013\/04\/shutterstock_115873216-270x160.jpg\" width=\"270\" height=\"160\" \/><\/a>A Ondatec, empresa apoiada pela Unidade de Tecnologia e Neg\u00f3cios da Universidade de Uberaba (Uniube), recebeu o Pr\u00eamio Fecomercio de Sustentabilidade na categoria Ind\u00fastria. A cerim\u00f4nia de entrega do pr\u00eamio, que est\u00e1 em sua terceira edi\u00e7\u00e3o, foi conduzida pela jornalista Rosana Jatob\u00e1, na quinta-feira, dia 11, em S\u00e3o Paulo. O reitor da Universidade, Marcelo Palm\u00e9rio, foi avisado imediatamente e parabenizou a empresa pela vit\u00f3ria em Uberaba.<\/p>\n<p style=\"text-align: justify;\">A Ondatec desenvolveu um forno para diminuir a emiss\u00e3o de poluentes, proporcionar mais qualidade de vida aos trabalhadores e menos degrada\u00e7\u00e3o ambiental. Assim, surgiu o processo de transformar madeira em carv\u00e3o vegetal. O produto \u00e9 fabricado sem poluir o meio ambiente e ainda aproveita os gases gerados para a produ\u00e7\u00e3o de bio-\u00f3leo.<\/p>\n<p style=\"text-align: justify;\">Comparado aos processos tradicionais, o carv\u00e3o produzido pela empresa \u00e9 vantajoso por conseguir transformar a polui\u00e7\u00e3o em energia. &#8220;Toda mudan\u00e7a radical tem que ultrapassar as barreiras culturais, que no caso do carv\u00e3o s\u00e3o milenares. Assim, a visibilidade da vit\u00f3ria \u00e9 sempre importante para ajudar a quebrar essas barreiras&#8221;, afirma o diretor t\u00e9cnico da Ondatec, Ricardo Naufel.<\/p>\n<p style=\"text-align: justify;\">O processo pode proporcionar diversos ganhos para o meio ambiente, sociedade, ind\u00fastria e consumidor. A empresa reduz o impacto ambiental com a diminui\u00e7\u00e3o de 30 a 50% na \u00e1rea plantada, devido ao maior rendimento madeira\/carv\u00e3o. Tamb\u00e9m \u00e9 eliminada a emiss\u00e3o de gases t\u00f3xicos e poluentes, j\u00e1 que s\u00e3o transformando em energia t\u00e9rmica ou el\u00e9trica. E recupera-se 55% da energia original da madeira dispersada pela fuma\u00e7a dos processos convencionais.<\/p>\n<p style=\"text-align: justify;\"><em>* Com informa\u00e7\u00f5es da Uniube.<\/em><\/p>\n","protected":false},"excerpt":{"rendered":"<p>A Ondatec, empresa incubada na Universidade de Uberaba, desenvolveu processo para transformar madeira em carv\u00e3o vegetal e recebeu o Pr\u00eamio Fecomercio de Sustentabilidade.<\/p>\n","protected":false},"author":8,"featured_media":2283,"comment_status":"open","ping_status":"open","sticky":false,"template":"","format":"standard","meta":{"footnotes":"","_links_to":"","_links_to_target":""},"categories":[3],"tags":[],"calendar":[],"_links":{"self":[{"href":"https:\/\/anprotec.org.br\/site\/wp-json\/wp\/v2\/posts\/2281"}],"collection":[{"href":"https:\/\/anprotec.org.br\/site\/wp-json\/wp\/v2\/posts"}],"about":[{"href":"https:\/\/anprotec.org.br\/site\/wp-json\/wp\/v2\/types\/post"}],"author":[{"embeddable":true,"href":"https:\/\/anprotec.org.br\/site\/wp-json\/wp\/v2\/users\/8"}],"replies":[{"embeddable":true,"href":"https:\/\/anprotec.org.br\/site\/wp-json\/wp\/v2\/comments?post=2281"}],"version-history":[{"count":6,"href":"https:\/\/anprotec.org.br\/site\/wp-json\/wp\/v2\/posts\/2281\/revisions"}],"predecessor-version":[{"id":2286,"href":"https:\/\/anprotec.org.br\/site\/wp-json\/wp\/v2\/posts\/2281\/revisions\/2286"}],"wp:featuredmedia":[{"embeddable":true,"href":"https:\/\/anprotec.org.br\/site\/wp-json\/wp\/v2\/media\/2283"}],"wp:attachment":[{"href":"https:\/\/anprotec.org.br\/site\/wp-json\/wp\/v2\/media?parent=2281"}],"wp:term":[{"taxonomy":"category","embeddable":true,"href":"https:\/\/anprotec.org.br\/site\/wp-json\/wp\/v2\/categories?post=2281"},{"taxonomy":"post_tag","embeddable":true,"href":"https:\/\/anprotec.org.br\/site\/wp-json\/wp\/v2\/tags?post=2281"},{"taxonomy":"calendar","embeddable":true,"href":"https:\/\/anprotec.org.br\/site\/wp-json\/wp\/v2\/calendar?post=2281"}],"curies":[{"name":"wp","href":"https:\/\/api.w.org\/{rel}","templated":true}]}}