{"id":22698,"date":"2018-02-15T18:12:04","date_gmt":"2018-02-15T21:12:04","guid":{"rendered":"http:\/\/anprotec.org.br\/site\/?p=22552"},"modified":"2018-03-15T12:09:40","modified_gmt":"2018-03-15T15:09:40","slug":"bootcamp-inicia-atividades-da-3a-edicao-do-programa-creative-startups-da-anprotec-e-da-samsung","status":"publish","type":"post","link":"https:\/\/anprotec.org.br\/site\/2018\/02\/bootcamp-inicia-atividades-da-3a-edicao-do-programa-creative-startups-da-anprotec-e-da-samsung\/","title":{"rendered":"Bootcamp inicia atividades da 3\u00aa edi\u00e7\u00e3o do programa Creative Startups da Anprotec e da Samsung"},"content":{"rendered":"<p>[:pt]<\/p>\n<p style=\"text-align: justify\"><img decoding=\"async\" loading=\"lazy\" class=\"alignleft size-thumbnail wp-image-22553\" src=\"https:\/\/anprotec.org.br\/site\/wp-content\/uploads\/2018\/02\/20180208_151707-270x160.jpg\" alt=\"20180208_151707\" width=\"270\" height=\"160\" \/>Nos \u00faltimos dias 7, 8 e 9 de fevereiro aconteceu, na sede da Samsung em S\u00e3o Paulo &#8211; SP e no espa\u00e7o de co-working CO.W Berrini, tamb\u00e9m na capital paulista, o BootCamp, evento que marcou o in\u00edcio do processo de acelera\u00e7\u00e3o das 13 startups selecionadas pela Samsung para participarem do Programa Creative Startups para a sua 3\u00aa rodada.<\/p>\n<p style=\"text-align: justify\">O evento \u00e9 uma parceria\u00a0entre a Samsung, a Anprotec, a Embrapa e o Centro Coreano de Economia Criativa e Inova\u00e7\u00e3o (CCEI), que reuniu empreendedores de startups e incubadoras selecionadas para a terceira edi\u00e7\u00e3o do Programa, al\u00e9m de lideran\u00e7as do governo.<\/p>\n<p style=\"text-align: justify\">O primeiro dia foi dedicado a um balan\u00e7o das edi\u00e7\u00f5es anteriores do programa. Os dois seguintes foram de atividades pr\u00e1ticas para as incubadoras e startups. O dia 8 de fevereiro foi dedicado a treinamentos de novos modelos de neg\u00f3cio, mentorias, metodologia de <em>design thinking, <\/em>dentre outras atividades para as startups. J\u00e1 as incubadoras tiveram acesso a toda metodologia do programa e puderam entender os problemas e desafios de suas respectivas startups.<\/p>\n<p style=\"text-align: justify\">\u201cO BootCamp tem uma import\u00e2ncia muito grande para as startups\u201d, mencionou o coordenador nacional do programa Creative Startups na \u00e1rea de pesquisa e desenvolvimento da Samsung, Paulo Quirino. \u201c\u00c9 um momento em que as startups t\u00eam de, junto com outros empreendedores e empres\u00e1rios, dividir um pouco de conhecimento\u201d, completou.<\/p>\n<p style=\"text-align: justify\">\u201cSobre <em>design thinking<\/em>, por exemplo, a mentoria foi dada pela equipe da Samsung, ou seja, n\u00f3s pegamos um departamento que trabalha com isso para a empresa e criamos uma metodologia voltada para startups, que inclusive foi um case na \u00faltima Confer\u00eancia da Anprotec\u201d, contou o coordenador.<\/p>\n<p style=\"text-align: justify\">Um dos participantes, Douglas Souza, da startup Teia Labs, do Rio Grande do Sul, contou que o programa tem sido um grande aprendizado. \u201cTodos os eventos foram excelentes, as pessoas da Anprotec e da Samsung t\u00eam nos ajudado muito. Pudemos trocar v\u00e1rias ideias durante as mentorias e isso ter\u00e1 um impacto bastante grande em nosso neg\u00f3cio e em nossa carreira como empreendedores\u201d, relatou.<\/p>\n<p style=\"text-align: justify\">\u201cUm ponto positivo dessa rodada \u00e9 que o programa est\u00e1 ficando cada vez mais encorpado, percebi mais mentores dedicando mais tempo \u00e0s startups\u201d, constatou J\u00falia Muller, da RAIAR, Incubadora Multissetorial de Empresas de Base Tecnol\u00f3gica e Inova\u00e7\u00e3o da PUCRS.<\/p>\n<p style=\"text-align: justify\">No \u00faltimo dia, 9 de fevereiro, as startups e incubadoras tiveram acesso aos indicadores KPIs do programa, treinamentos de m\u00eddia, de controle financeiro e de presta\u00e7\u00e3o de contas com base na Lei da Inform\u00e1tica.<\/p>\n<p style=\"text-align: justify\">\u201cAs startups tamb\u00e9m fizeram uma apresenta\u00e7\u00e3o mostrando o quanto absorveram nesses dias, com toda carga de treinamento e mentoria que tiveram acesso, al\u00e9m do choque de realidade que receberam dos mentores presentes\u201d, apontou Lu\u00eds Gustavo Peles, gestor de projetos da Anprotec.<\/p>\n<p style=\"text-align: justify\">No encerramento do Bootcamp, foram transmitidos os pr\u00f3ximos passos da rodada, que agora entra no processo de acelera\u00e7\u00e3o.<\/p>\n<p style=\"text-align: justify\"><strong>Sobre o programa e a abertura solene da 3\u00aa edi\u00e7\u00e3o<\/strong><\/p>\n<p style=\"text-align: justify\">O Programa Creative Startups \u00e9 resultado de uma\u00a0parceria\u00a0firmada em 2015 entre a Samsung, a Anprotec e o Centro Coreano de Economia Criativa e Inova\u00e7\u00e3o (CCEI), e tem como objetivo\u00a0identificar, selecionar e oferecer suporte\u00a0a empreendimentos inovadores em \u00e1reas de interesse da Samsung.<\/p>\n<p style=\"text-align: justify\">Apoiado pelo Minist\u00e9rio da Ci\u00eancia, Tecnologia, Inova\u00e7\u00f5es e Comunica\u00e7\u00e3o (MCTIC) amparado pela\u00a0Lei de Inform\u00e1tica, o Creative Startups, que j\u00e1 recebeu mais de 700 propostas de neg\u00f3cios inovadores, oferece suporte aos empreendimentos selecionados atrav\u00e9s de treinamos, capacita\u00e7\u00e3o, mentorias, acesso a tecnologias Samsung e financiamento para desenvolvimento de produto.<\/p>\n<p style=\"text-align: justify\">Quanto \u00e0s novidades da 3\u00aa rodada, al\u00e9m da parceria com a Embrapa, que estimula projetos inovadores tamb\u00e9m na \u00e1rea de agricultura digital, foi firmada uma parceria com aceleradoras de startups para aumentar a coopera\u00e7\u00e3o e a conex\u00e3o com o mercado.<\/p>\n<p style=\"text-align: justify\">No primeiro dia, 7 de fevereiro, o encontro contou com a presen\u00e7a do presidente da Anprotec, Jos\u00e9 Alberto Sampaio Aranha, do vice-presidente de marketing e assuntos corporativos da Samsung Am\u00e9rica Latina, M\u00e1rio Laffitte, do Ministro da Ci\u00eancia, Tecnologia, Inova\u00e7\u00f5es e Comunica\u00e7\u00f5es, Gilberto Kassab, do Secret\u00e1rio de Pol\u00edtica de Inform\u00e1tica do MCTIC, Thiago Camargo, do chefe adjunto de P&amp;D da Embrapa, Giampaolo Pellegrino, e da diretora de rela\u00e7\u00f5es governamentais da Samsung Research Center Brazil, Simone Scholze.<\/p>\n<p style=\"text-align: justify\"><a href=\"https:\/\/anprotec.org.br\/site\/2018\/02\/bootcamp-abre-3a-etapa-do-programa-creative-startups\/\" target=\"_blank\" rel=\"noopener\">Saiba mais sobre a abertura do Bootcamp!<\/a><\/p>\n<p>[:]<\/p>\n","protected":false},"excerpt":{"rendered":"<p>[:pt]O primeiro dia foi dedicado a um balan\u00e7o do programa. Os seguintes foram de pr\u00e1ticas para as incubadoras e startups.[:]<\/p>\n","protected":false},"author":8,"featured_media":23012,"comment_status":"open","ping_status":"open","sticky":false,"template":"","format":"standard","meta":{"footnotes":"","_links_to":"","_links_to_target":""},"categories":[3],"tags":[],"calendar":[],"_links":{"self":[{"href":"https:\/\/anprotec.org.br\/site\/wp-json\/wp\/v2\/posts\/22698"}],"collection":[{"href":"https:\/\/anprotec.org.br\/site\/wp-json\/wp\/v2\/posts"}],"about":[{"href":"https:\/\/anprotec.org.br\/site\/wp-json\/wp\/v2\/types\/post"}],"author":[{"embeddable":true,"href":"https:\/\/anprotec.org.br\/site\/wp-json\/wp\/v2\/users\/8"}],"replies":[{"embeddable":true,"href":"https:\/\/anprotec.org.br\/site\/wp-json\/wp\/v2\/comments?post=22698"}],"version-history":[{"count":1,"href":"https:\/\/anprotec.org.br\/site\/wp-json\/wp\/v2\/posts\/22698\/revisions"}],"predecessor-version":[{"id":23013,"href":"https:\/\/anprotec.org.br\/site\/wp-json\/wp\/v2\/posts\/22698\/revisions\/23013"}],"wp:featuredmedia":[{"embeddable":true,"href":"https:\/\/anprotec.org.br\/site\/wp-json\/wp\/v2\/media\/23012"}],"wp:attachment":[{"href":"https:\/\/anprotec.org.br\/site\/wp-json\/wp\/v2\/media?parent=22698"}],"wp:term":[{"taxonomy":"category","embeddable":true,"href":"https:\/\/anprotec.org.br\/site\/wp-json\/wp\/v2\/categories?post=22698"},{"taxonomy":"post_tag","embeddable":true,"href":"https:\/\/anprotec.org.br\/site\/wp-json\/wp\/v2\/tags?post=22698"},{"taxonomy":"calendar","embeddable":true,"href":"https:\/\/anprotec.org.br\/site\/wp-json\/wp\/v2\/calendar?post=22698"}],"curies":[{"name":"wp","href":"https:\/\/api.w.org\/{rel}","templated":true}]}}