{"id":22697,"date":"2018-02-15T17:49:53","date_gmt":"2018-02-15T20:49:53","guid":{"rendered":"http:\/\/anprotec.org.br\/site\/?p=22539"},"modified":"2018-03-15T12:10:28","modified_gmt":"2018-03-15T15:10:28","slug":"anprotec-abre-chamada-de-trabalhos-para-sua-28a-conferencia","status":"publish","type":"post","link":"https:\/\/anprotec.org.br\/site\/2018\/02\/anprotec-abre-chamada-de-trabalhos-para-sua-28a-conferencia\/","title":{"rendered":"Anprotec abre chamada para apresenta\u00e7\u00e3o de trabalhos em sua 28\u00aa Confer\u00eancia, em Goi\u00e2nia"},"content":{"rendered":"<p>[:pt]<\/p>\n<p style=\"text-align: justify\"><img decoding=\"async\" loading=\"lazy\" class=\"alignleft size-thumbnail wp-image-22583\" src=\"https:\/\/anprotec.org.br\/site\/wp-content\/uploads\/2018\/02\/Conferencia-2018-Anprotec-Logo-Web-01-270x160.jpg\" alt=\"Conferencia 2018 Anprotec Logo Web-01\" width=\"270\" height=\"160\" \/>Os interessados em apresentar trabalhos durante a 28\u00aa Confer\u00eancia Anprotec de Empreendedorismo e Ambientes de Inova\u00e7\u00e3o, que acontece em Goi\u00e2nia &#8211; GO entre os dias 17 e 20 de setembro e debate o tema central \u201cAgro: Neg\u00f3cio, Tecnologia e Inova\u00e7\u00e3o\u201d, devem se inscrever, com a submiss\u00e3o de resumos, at\u00e9 o dia 26 de mar\u00e7o.<\/p>\n<p style=\"text-align: justify\">Os trabalhos poder\u00e3o ser apresentados no formato de \u201cartigo completo\u201d, ou \u201crelato de boas pr\u00e1ticas em empresas e ambientes de inova\u00e7\u00e3o\u201d.<\/p>\n<p style=\"text-align: justify\">Os artigos, que podem ser escritos por at\u00e9 cinco autores, devem ter rela\u00e7\u00e3o com a tem\u00e1tica central do evento e se enquadrar em um dos temas das sess\u00f5es t\u00e9cnicas paralelas (neg\u00f3cios disruptivos, ambientes f\u00e9rteis, produ\u00e7\u00e3o solid\u00e1ria, e plantando e colhendo).<\/p>\n<p style=\"text-align: justify\">Todos os trabalhos aprovados com nota igual ou superior a sete ser\u00e3o publicados nos anais digitais do evento. E os sete que obtiverem as melhores notas em cada um dos temas propostos para as sess\u00f5es t\u00e9cnicas paralelas, ser\u00e3o apresentados durante a Confer\u00eancia em Goi\u00e2nia, com 10 minutos de apresenta\u00e7\u00e3o e cinco para discuss\u00f5es.<\/p>\n<p style=\"text-align: justify\">Os relatos de boas pr\u00e1ticas tamb\u00e9m podem ser escritos por at\u00e9 cinco autores. Todos que obtiverem nota igual ou superior a sete tamb\u00e9m ser\u00e3o publicados nos anais digitais. Os 16 mais bem avaliados pelo Comit\u00ea Cient\u00edfico ser\u00e3o apresentados em formato de v\u00eddeo, de at\u00e9 dois minutos, produzido pelos autores.<\/p>\n<p style=\"text-align: justify\">Confira o <a href=\"https:\/\/anprotec.org.br\/site\/wp-content\/uploads\/2018\/02\/Chamada-de-Trabalhos-Confer\u00eancia-Anprotec-2018.pdf\" target=\"_blank\" rel=\"noopener\">regulamento<\/a>\u00a0completo, fique atento ao cronograma e <a href=\"http:\/\/www.inscricaoeletronica.com.br\/anprotec2018\/trabalhos\/\" target=\"_blank\" rel=\"noopener\">inscreva-se<\/a>!<\/p>\n<ul style=\"text-align: justify\">\n<li>Inscri\u00e7\u00f5es para a 1\u00aa etapa (envio dos resumos): at\u00e9 <strong>26 de mar\u00e7o<\/strong><\/li>\n<li>Comunicado do resultado da 1\u00aa etapa aos autores classificados: <strong>30 de abril<\/strong><\/li>\n<li>Envio dos textos completos conforme a categoria (2\u00aa etapa): <strong>08 de junho<\/strong><\/li>\n<li>Comunicado aos autores aprovados na 2\u00aa etapa: <strong>at\u00e9 1\u00ba de agosto<\/strong><\/li>\n<li>Envio do trabalho final corrigido\/com ajustes (3\u00aa etapa): <strong>13 de agosto<\/strong><\/li>\n<\/ul>\n<p style=\"text-align: justify\">Realizada pela Anprotec e pelo Sebrae, a 28\u00aa Confer\u00eancia Anprotec tem como organizador local a Secretaria de Estado de Desenvolvimento Econ\u00f4mico, Cient\u00edfico e Tecnol\u00f3gico e de Agricultura, Pecu\u00e1ria e Irriga\u00e7\u00e3o &#8211; SED, do Governo do Estado de Goi\u00e1s.<\/p>\n<p>[:]<\/p>\n","protected":false},"excerpt":{"rendered":"<p>[:pt]Os interessados em apresentar trabalhos durante a Confer\u00eancia devem submeter seus resumos at\u00e9 26 de mar\u00e7o.[:]<\/p>\n","protected":false},"author":8,"featured_media":23009,"comment_status":"open","ping_status":"open","sticky":false,"template":"","format":"standard","meta":{"footnotes":"","_links_to":"","_links_to_target":""},"categories":[3],"tags":[],"calendar":[],"_links":{"self":[{"href":"https:\/\/anprotec.org.br\/site\/wp-json\/wp\/v2\/posts\/22697"}],"collection":[{"href":"https:\/\/anprotec.org.br\/site\/wp-json\/wp\/v2\/posts"}],"about":[{"href":"https:\/\/anprotec.org.br\/site\/wp-json\/wp\/v2\/types\/post"}],"author":[{"embeddable":true,"href":"https:\/\/anprotec.org.br\/site\/wp-json\/wp\/v2\/users\/8"}],"replies":[{"embeddable":true,"href":"https:\/\/anprotec.org.br\/site\/wp-json\/wp\/v2\/comments?post=22697"}],"version-history":[{"count":1,"href":"https:\/\/anprotec.org.br\/site\/wp-json\/wp\/v2\/posts\/22697\/revisions"}],"predecessor-version":[{"id":23016,"href":"https:\/\/anprotec.org.br\/site\/wp-json\/wp\/v2\/posts\/22697\/revisions\/23016"}],"wp:featuredmedia":[{"embeddable":true,"href":"https:\/\/anprotec.org.br\/site\/wp-json\/wp\/v2\/media\/23009"}],"wp:attachment":[{"href":"https:\/\/anprotec.org.br\/site\/wp-json\/wp\/v2\/media?parent=22697"}],"wp:term":[{"taxonomy":"category","embeddable":true,"href":"https:\/\/anprotec.org.br\/site\/wp-json\/wp\/v2\/categories?post=22697"},{"taxonomy":"post_tag","embeddable":true,"href":"https:\/\/anprotec.org.br\/site\/wp-json\/wp\/v2\/tags?post=22697"},{"taxonomy":"calendar","embeddable":true,"href":"https:\/\/anprotec.org.br\/site\/wp-json\/wp\/v2\/calendar?post=22697"}],"curies":[{"name":"wp","href":"https:\/\/api.w.org\/{rel}","templated":true}]}}