{"id":22208,"date":"2018-01-26T13:38:38","date_gmt":"2018-01-26T16:38:38","guid":{"rendered":"http:\/\/anprotec.org.br\/site\/?p=22208"},"modified":"2018-04-11T11:48:10","modified_gmt":"2018-04-11T14:48:10","slug":"empresa-instalada-no-sergipetec-e-unica-sergipana-classificada-em-edital-do-bnb","status":"publish","type":"post","link":"https:\/\/anprotec.org.br\/site\/2018\/01\/empresa-instalada-no-sergipetec-e-unica-sergipana-classificada-em-edital-do-bnb\/","title":{"rendered":"Empresa instalada no SergipeTec \u00e9 a \u00fanica sergipana classificada em Edital do BNB"},"content":{"rendered":"<p style=\"text-align: justify\"><img decoding=\"async\" loading=\"lazy\" class=\"alignleft size-medium wp-image-22209\" src=\"https:\/\/anprotec.org.br\/site\/wp-content\/uploads\/2018\/01\/Acone-300x161.png\" alt=\"Acone\" width=\"300\" height=\"161\" srcset=\"https:\/\/anprotec.org.br\/site\/wp-content\/uploads\/2018\/01\/Acone-300x161.png 300w, https:\/\/anprotec.org.br\/site\/wp-content\/uploads\/2018\/01\/Acone-768x412.png 768w, https:\/\/anprotec.org.br\/site\/wp-content\/uploads\/2018\/01\/Acone-1024x549.png 1024w, https:\/\/anprotec.org.br\/site\/wp-content\/uploads\/2018\/01\/Acone.png 1030w\" sizes=\"(max-width: 300px) 100vw, 300px\" \/>A Acone \u2013 Assessoria e Consultoria, empresa instalada no Sergipe Parque Tecnol\u00f3gico (SergipeTec), foi selecionada no Edital Fundeci 02\/2017 \u2013 Produtividade e Competitividade, do Banco do Nordeste (BNB). Voltado a Inova\u00e7\u00f5es Tecnol\u00f3gicas e Organizacionais para Incremento da Produtividade e Competitividade nos Setores Produtivos, o Edital visa fomentar, com recursos n\u00e3o reembols\u00e1veis, projetos de Pesquisa, Desenvolvimento e Inova\u00e7\u00e3o (PD&amp;I), por meio de conv\u00eanios com institui\u00e7\u00f5es p\u00fablicas e privadas, sem fins lucrativos.<\/p>\n<p style=\"text-align: justify\">H\u00e1 17 anos de exist\u00eancia no mercado, a Acone atua na governan\u00e7a do Sistema \u00danico de Sa\u00fade (SUS), na capital e no interior de Sergipe. De acordo com Jos\u00e9 Roberto Oliveira, s\u00f3cio-administrador da empresa, a proposta \u00e9 oferecer aos estados e munic\u00edpios, de todo o pa\u00eds, ferramentas de gest\u00e3o e de desenvolvimento de planos de sa\u00fade.<\/p>\n<p style=\"text-align: justify\">\u201cA execu\u00e7\u00e3o do nosso trabalho \u00e9 sempre baseada em evid\u00eancias, com o intuito de orientar as pol\u00edticas e a\u00e7\u00f5es de sa\u00fade, dando aos gerentes das unidades p\u00fablicas de sa\u00fade &#8211; unidades b\u00e1sicas, diagn\u00f3sticas ou hospitais, na capital e em 18 munic\u00edpios sergipanos -, autonomia e liberdade suficientes e necess\u00e1rias para planejar e ofertar servi\u00e7os, definir seus or\u00e7amentos e realocar recursos ou gerenciar insumos&#8221;, destaca Oliveira.<\/p>\n<p style=\"text-align: justify\">Sobre a participa\u00e7\u00e3o no Edital do BNB, o\u00a0s\u00f3cio-administrador da Acone relata que foi uma conquista muito feliz. &#8220;J\u00e1 \u00e9 o nosso terceiro projeto de Inova\u00e7\u00e3o, nos \u00faltimos seis anos. E esse teve um \u2018sabor\u2019 ainda mais especial, por sermos a \u00fanica empresa classificada em Sergipe. Isso refor\u00e7a o nosso compromisso, empenho e dedica\u00e7\u00e3o, em termos empresariais e sociais. Vale ressaltar que n\u00f3s obtivemos conhecimento dessa modalidade de projeto mediante o nosso conv\u00edvio no SergipeTec, que tem uma participa\u00e7\u00e3o fundamental no desenvolvimento e amplia\u00e7\u00e3o dos nossos neg\u00f3cios, orientando-nos a novos horizontes e mercados\u201d.<\/p>\n<p style=\"text-align: justify\">De acordo com o gestor de Neg\u00f3cios, do SergipeTec, Marcelo D\u00f3sea, um dos v\u00e1rios papeis do Parque Tecnol\u00f3gico \u00e9 criar, desenvolver e fortalecer a rede de contatos e de ideias entre as empresas de base tecnol\u00f3gica instaladas no Parque e institui\u00e7\u00f5es de fomento e desenvolvimento de projetos (de produtos e servi\u00e7os).<\/p>\n<p style=\"text-align: justify\">\u201cEssa conquista da Acone mostra a import\u00e2ncia de acreditar e perseverar na submiss\u00e3o de projetos e editais de fomento. Editais com recursos n\u00e3o reembols\u00e1veis, como este do BNB, est\u00e3o cada vez mais escassos, devido a seu custo e \u00e0 forma de obten\u00e7\u00e3o do recursos. Por isso, quando aparece uma oportunidade como esta, o empreendedor deve estar preparado para a submiss\u00e3o, com um projeto pr\u00e9-formatado. Aqui, no SergipeTec, damos esse apoio ao empreendedor na submiss\u00e3o de propostas a editais para que empresas, como a Acone, possam obter \u00eaxitos em suas pretens\u00f5es e ampliar seus neg\u00f3cios\u201d, pontua Marcelo.<\/p>\n<p style=\"text-align: justify\"><strong>Inova\u00e7\u00e3o cient\u00edfica e tecnol\u00f3gica <\/strong><\/p>\n<p style=\"text-align: justify\">Estar instalada no SergipeTec e ser a \u00fanica empresa sergipana classificada nesse Edital de Inova\u00e7\u00e3o, do BNB, segundo o presidente do SergipeTec, Manoel Hora, s\u00e3o dois fatos bastante significativos e motivadores, por mostrar que o Parque est\u00e1 indo pelo caminho certo.<\/p>\n<p style=\"text-align: justify\">\u201cA Acone \u00e9 um dos nossos casos de sucesso. Para o SergipeTec, \u00e9 uma conquista muito feliz e merecida, e tamb\u00e9m a demonstra\u00e7\u00e3o de que a Acone \u00e9 uma empresa competente, que come\u00e7ou e cresceu dentro e junto com o SergipeTec. Portanto, o Parque sente-se participante desta conquista e, mais do que isso, ficamos muito felizes por a Acone estar crescendo e galgando posi\u00e7\u00f5es importantes nos meios cient\u00edfico, tecnol\u00f3gico e econ\u00f4mico, no Nordeste e no Brasil\u201d, comemora Hora.<\/p>\n<p style=\"text-align: justify\"><strong>Pol\u00edticas de desenvolvimento<\/strong><\/p>\n<p style=\"text-align: justify\">Os projetos classificados pelo Edital contemplam qualquer setor de atividade produtiva, seja rural (pecu\u00e1ria, agr\u00edcola), industrial, de tecnologia da informa\u00e7\u00e3o e comunica\u00e7\u00e3o (TIC), com\u00e9rcio, servi\u00e7os, meio ambiente, infraestrutura, administra\u00e7\u00e3o, marketing, entre outros, como explica o gerente executivo estadual de Desenvolvimento Territorial do BNB, Jo\u00e3o Eudes Lauriano.<\/p>\n<p style=\"text-align: justify\">\u201cA Acone e os demais projetos apresentados t\u00eam como finalidade a cria\u00e7\u00e3o ou o desenvolvimento de produtos, servi\u00e7os ou processos, al\u00e9m da agrega\u00e7\u00e3o de novas funcionalidades ou caracter\u00edsticas a iniciativas que j\u00e1 existem. O objetivo \u00e9 sempre levar melhorias, ganho de qualidade e ampliar o bom desempenho do setor produtivo na regi\u00e3o Nordeste\u201d, finaliza.<\/p>\n","protected":false},"excerpt":{"rendered":"<p>[:pt]A empresa Acone foi selecionada em Edital voltado a Inova\u00e7\u00f5es Tecnol\u00f3gicas e Organizacionais. [:]<\/p>\n","protected":false},"author":8,"featured_media":22209,"comment_status":"open","ping_status":"open","sticky":false,"template":"","format":"standard","meta":{"footnotes":"","_links_to":"","_links_to_target":""},"categories":[3],"tags":[159,164,163,161,162,160],"calendar":[],"_links":{"self":[{"href":"https:\/\/anprotec.org.br\/site\/wp-json\/wp\/v2\/posts\/22208"}],"collection":[{"href":"https:\/\/anprotec.org.br\/site\/wp-json\/wp\/v2\/posts"}],"about":[{"href":"https:\/\/anprotec.org.br\/site\/wp-json\/wp\/v2\/types\/post"}],"author":[{"embeddable":true,"href":"https:\/\/anprotec.org.br\/site\/wp-json\/wp\/v2\/users\/8"}],"replies":[{"embeddable":true,"href":"https:\/\/anprotec.org.br\/site\/wp-json\/wp\/v2\/comments?post=22208"}],"version-history":[{"count":2,"href":"https:\/\/anprotec.org.br\/site\/wp-json\/wp\/v2\/posts\/22208\/revisions"}],"predecessor-version":[{"id":24400,"href":"https:\/\/anprotec.org.br\/site\/wp-json\/wp\/v2\/posts\/22208\/revisions\/24400"}],"wp:featuredmedia":[{"embeddable":true,"href":"https:\/\/anprotec.org.br\/site\/wp-json\/wp\/v2\/media\/22209"}],"wp:attachment":[{"href":"https:\/\/anprotec.org.br\/site\/wp-json\/wp\/v2\/media?parent=22208"}],"wp:term":[{"taxonomy":"category","embeddable":true,"href":"https:\/\/anprotec.org.br\/site\/wp-json\/wp\/v2\/categories?post=22208"},{"taxonomy":"post_tag","embeddable":true,"href":"https:\/\/anprotec.org.br\/site\/wp-json\/wp\/v2\/tags?post=22208"},{"taxonomy":"calendar","embeddable":true,"href":"https:\/\/anprotec.org.br\/site\/wp-json\/wp\/v2\/calendar?post=22208"}],"curies":[{"name":"wp","href":"https:\/\/api.w.org\/{rel}","templated":true}]}}