{"id":22076,"date":"2018-01-17T13:54:40","date_gmt":"2018-01-17T16:54:40","guid":{"rendered":"http:\/\/anprotec.org.br\/site\/?p=22076"},"modified":"2018-04-11T11:50:59","modified_gmt":"2018-04-11T14:50:59","slug":"incubadora-de-empresas-da-coppeufrj-abre-processo-seletivo-para-mentoring-2018","status":"publish","type":"post","link":"https:\/\/anprotec.org.br\/site\/2018\/01\/incubadora-de-empresas-da-coppeufrj-abre-processo-seletivo-para-mentoring-2018\/","title":{"rendered":"Incubadora de Empresas da COPPE\/UFRJ abre processo seletivo para Mentoring"},"content":{"rendered":"<p style=\"text-align: justify\"><img decoding=\"async\" loading=\"lazy\" class=\"alignleft size-full wp-image-22078\" src=\"https:\/\/anprotec.org.br\/site\/wp-content\/uploads\/2018\/01\/Mentoring-header-image.jpg\" alt=\"Mentoring header image\" width=\"283\" height=\"180\" \/>A Incubadora de Empresas da COPPE\/UFRJ e o Alumi COPPEAD abriram as inscri\u00e7\u00f5es para o Programa de Mentoring 2018. O objetivo \u00e9 estimular o desenvolvimento das startups nascidas na Incubadora atrav\u00e9s da orienta\u00e7\u00e3o de profissionais experientes e formados no Instituto COPPEAD. J\u00e1 os mentores ter\u00e3o a oportunidade de aperfei\u00e7oar seu relacionamento interpessoal e networking com outros mentores e empreendedores de alto potencial.<\/p>\n<p style=\"text-align: justify\">Para participar basta ser ex-aluno do COPPEAD e possuir pelo menos cinco anos de experi\u00eancia em cargos de gest\u00e3o. O programa est\u00e1 em sua 4\u00aa edi\u00e7\u00e3o e j\u00e1 envolveu 40 mentores e mais de 20 empresas. As inscri\u00e7\u00f5es v\u00e3o at\u00e9 o dia 23 de fevereiro e o processo de mentoria ser\u00e1 de abril a dezembro de 2018.<\/p>\n<p style=\"text-align: justify\">Para se inscrever e obter mais informa\u00e7\u00f5es acesse o\u00a0<a href=\"https:\/\/alumnicoppead.com.br\/evento\/projeto-mentoring-inscricoes-para-mentor\/\" target=\"_blank\" rel=\"noopener noreferrer\">link<\/a>.<\/p>\n<p style=\"text-align: justify\"><em>Fonte: Parque Tecnol\u00f3gico UFRJ<\/em><\/p>\n","protected":false},"excerpt":{"rendered":"<p>[:pt]As inscri\u00e7\u00f5es v\u00e3o at\u00e9 o dia 23 de fevereiro e o processo de mentoria ser\u00e1 de abril a dezembro de 2018. O programa est\u00e1 em sua 4\u00aa edi\u00e7\u00e3o. [:]<\/p>\n","protected":false},"author":8,"featured_media":22078,"comment_status":"open","ping_status":"open","sticky":false,"template":"","format":"standard","meta":{"footnotes":"","_links_to":"","_links_to_target":""},"categories":[3],"tags":[119,121,120],"calendar":[],"_links":{"self":[{"href":"https:\/\/anprotec.org.br\/site\/wp-json\/wp\/v2\/posts\/22076"}],"collection":[{"href":"https:\/\/anprotec.org.br\/site\/wp-json\/wp\/v2\/posts"}],"about":[{"href":"https:\/\/anprotec.org.br\/site\/wp-json\/wp\/v2\/types\/post"}],"author":[{"embeddable":true,"href":"https:\/\/anprotec.org.br\/site\/wp-json\/wp\/v2\/users\/8"}],"replies":[{"embeddable":true,"href":"https:\/\/anprotec.org.br\/site\/wp-json\/wp\/v2\/comments?post=22076"}],"version-history":[{"count":2,"href":"https:\/\/anprotec.org.br\/site\/wp-json\/wp\/v2\/posts\/22076\/revisions"}],"predecessor-version":[{"id":24414,"href":"https:\/\/anprotec.org.br\/site\/wp-json\/wp\/v2\/posts\/22076\/revisions\/24414"}],"wp:featuredmedia":[{"embeddable":true,"href":"https:\/\/anprotec.org.br\/site\/wp-json\/wp\/v2\/media\/22078"}],"wp:attachment":[{"href":"https:\/\/anprotec.org.br\/site\/wp-json\/wp\/v2\/media?parent=22076"}],"wp:term":[{"taxonomy":"category","embeddable":true,"href":"https:\/\/anprotec.org.br\/site\/wp-json\/wp\/v2\/categories?post=22076"},{"taxonomy":"post_tag","embeddable":true,"href":"https:\/\/anprotec.org.br\/site\/wp-json\/wp\/v2\/tags?post=22076"},{"taxonomy":"calendar","embeddable":true,"href":"https:\/\/anprotec.org.br\/site\/wp-json\/wp\/v2\/calendar?post=22076"}],"curies":[{"name":"wp","href":"https:\/\/api.w.org\/{rel}","templated":true}]}}