{"id":2192,"date":"2013-04-11T18:12:37","date_gmt":"2013-04-11T21:12:37","guid":{"rendered":"http:\/\/anprotec.org.br\/site\/?p=2192"},"modified":"2013-04-11T18:20:28","modified_gmt":"2013-04-11T21:20:28","slug":"rmi-discute-investimentos-em-inovacao","status":"publish","type":"post","link":"https:\/\/anprotec.org.br\/site\/2013\/04\/rmi-discute-investimentos-em-inovacao\/","title":{"rendered":"Rede Mineira discute investimentos em inova\u00e7\u00e3o"},"content":{"rendered":"<p style=\"text-align: justify;\"><a href=\"https:\/\/anprotec.org.br\/site\/wp-content\/uploads\/2013\/04\/rmi.jpg\"><img decoding=\"async\" loading=\"lazy\" class=\"alignleft size-thumbnail wp-image-2193\" alt=\"rmi\" src=\"https:\/\/anprotec.org.br\/site\/wp-content\/uploads\/2013\/04\/rmi-270x160.jpg\" width=\"270\" height=\"160\" \/><\/a>Atra\u00e7\u00e3o de novos investimentos para o desenvolvimento dos habitats de inova\u00e7\u00e3o, a busca por novos parceiros e a consolida\u00e7\u00e3o de projetos que beneficiam os associados. Esses foram os temas abordados durante o primeiro encontro anual da Rede Mineira de Inova\u00e7\u00e3o (RMI) entre os associados e parceiros, realizado em 4 de abril, no audit\u00f3rio da Fapemig (Funda\u00e7\u00e3o de Amparo \u00e0 Pesquisa do Estado de Minas Gerais), em Belo Horizonte (MG). A participa\u00e7\u00e3o dos associados e parceiros foi fundamental para alinhar os projetos em andamento e tamb\u00e9m para incentivar o debate de assuntos relacionados ao desenvolvimento da inova\u00e7\u00e3o entre as incubadoras e parques de Minas.<\/p>\n<p style=\"text-align: justify;\">\u201c\u00c9 fundamental a participa\u00e7\u00e3o de todos os associados em um f\u00f3rum como esse, quando podemos debater temas que interessam a todos. Quero agradecer de maneira especial a Fapemig, grande parceira da rede e que nos acolhe nesse encontro\u201d, disse o presidente da RMI, professor Renato Nunes, na abertura do evento.<\/p>\n<p style=\"text-align: justify;\">Participaram dos trabalhos, no per\u00edodo da manh\u00e3, o diretor da FAPEMIG, Jos\u00e9 Policarpo Gon\u00e7alves de Abreu; assessora adjunta de Inova\u00e7\u00e3o\u00a0da FAPEMIG, professora Elza Fernandes de Ara\u00fajo; o gerente de Inova\u00e7\u00e3o e Sustentabilidade\u00a0do SEBRAE Minas An\u00edzio Dutra Vianna; o superintendente de Inova\u00e7\u00e3o Tecnol\u00f3gica da Secretaria de Estado de Ci\u00eancia, Tecnologia e Ensino Superior de Minas Gerais (SECTES), Jos\u00e9 Luciano de Assis Pereira; o vice-presidente da RMI, Paulo Nepomuceno; e a diretora da RMI, Ana Cristina de Alvarenga Lage.<\/p>\n<p style=\"text-align: justify;\">Jos\u00e9 Policarpo ressaltou, durante sua mensagem aos associados, a import\u00e2ncia de se atrair investimentos para pesquisa e inova\u00e7\u00e3o. \u201cNosso objetivo sempre foi captar recursos para investir em pesquisa aplicada\u00a0e, assim, contribuir para a inova\u00e7\u00e3o em Minas. Nesse contexto, a Rede Mineira de Inova\u00e7\u00e3o tem um papel fundamental\u201d, disse.<\/p>\n<p style=\"text-align: justify;\">Para An\u00edzio Dutra Vianna, Minas Gerais tem resultados interessantes para mostrar quando o assunto s\u00e3o as empresas graduadas no movimento, por\u00e9m, as conquistas s\u00e3o pouco divulgadas. \u201cEsse \u00e9 o grande desafio, ou seja, precisamos mostrar \u00e0 comunidade os resultados alcan\u00e7ados\u201d. Ele acredita ainda que \u201ca Rede Mineira de Inova\u00e7\u00e3o est\u00e1 no momento de alavancar recursos e atrair novos parceiros e sair do modelo acad\u00eamico para o modelo de neg\u00f3cios\u201d.<\/p>\n<p style=\"text-align: justify;\">Jos\u00e9 Luciano de Assis Pereira refor\u00e7ou que a SECTES continuar\u00e1 apoiando a Rede com o projeto de suporte \u00e0 operacionaliza\u00e7\u00e3o da Secretaria Executiva, lembrando que o objetivo do projeto \u00e9 beneficiar e atender \u00e0s demandas dos associados. \u201cOs associados precisam conhecer melhor e aproveitar ao m\u00e1ximo esse benef\u00edcio\u201d, enfatizou. Para ele, o trabalho realizado pela RMI em Minas \u00e9 significativo e, por isso, \u00e9 importante buscar continuamente a credibilidade dentro do Estado.<\/p>\n<p style=\"text-align: justify;\">J\u00e1 a professora Elza Fernandes de Ara\u00fajo apresentou e orientou os associados sobre o Projeto TecNova para micro e pequenas empresas. No per\u00edodo da tarde, Silvana Gon\u00e7alves Paiva Santiago, do SEBRAE Minas, fez uma apresenta\u00e7\u00e3o sobre o SEBRAE Mais, solu\u00e7\u00e3o do SEBRAE\u00a0de apoio e incentivo \u00e0s empresas. Logo em seguida, M\u00e1rcio Tibo, superintendente da Fumsoft, apresentou\u00a0o Projeto Startups Brasil, que est\u00e1 com edital previsto para ser aberto na segunda semana de abril. Para finalizar o encontro, as empresas Pantone 300, Gest\u00e3o Inovadora e Macropus apresentaram a proposta do modelo Software Cerne.<\/p>\n<p style=\"text-align: justify;\">O pr\u00f3ximo encontro da RMI est\u00e1 previsto para 8 e 9 de agosto, na incubadora CIAEM, em Uberl\u00e2ndia.<\/p>\n<p style=\"text-align: justify;\"><em>* Com informa\u00e7\u00f5es e foto da RMI<\/em><\/p>\n","protected":false},"excerpt":{"rendered":"<p> Tema foi abordado durante o primeiro encontro anual da Rede Mineira de Inova\u00e7\u00e3o (RMI) entre os associados e parceiros, realizado em 4 de abril, em Belo Horizonte (BH).<\/p>\n","protected":false},"author":8,"featured_media":2193,"comment_status":"open","ping_status":"open","sticky":false,"template":"","format":"standard","meta":{"footnotes":"","_links_to":"","_links_to_target":""},"categories":[3],"tags":[],"calendar":[],"_links":{"self":[{"href":"https:\/\/anprotec.org.br\/site\/wp-json\/wp\/v2\/posts\/2192"}],"collection":[{"href":"https:\/\/anprotec.org.br\/site\/wp-json\/wp\/v2\/posts"}],"about":[{"href":"https:\/\/anprotec.org.br\/site\/wp-json\/wp\/v2\/types\/post"}],"author":[{"embeddable":true,"href":"https:\/\/anprotec.org.br\/site\/wp-json\/wp\/v2\/users\/8"}],"replies":[{"embeddable":true,"href":"https:\/\/anprotec.org.br\/site\/wp-json\/wp\/v2\/comments?post=2192"}],"version-history":[{"count":5,"href":"https:\/\/anprotec.org.br\/site\/wp-json\/wp\/v2\/posts\/2192\/revisions"}],"predecessor-version":[{"id":2195,"href":"https:\/\/anprotec.org.br\/site\/wp-json\/wp\/v2\/posts\/2192\/revisions\/2195"}],"wp:featuredmedia":[{"embeddable":true,"href":"https:\/\/anprotec.org.br\/site\/wp-json\/wp\/v2\/media\/2193"}],"wp:attachment":[{"href":"https:\/\/anprotec.org.br\/site\/wp-json\/wp\/v2\/media?parent=2192"}],"wp:term":[{"taxonomy":"category","embeddable":true,"href":"https:\/\/anprotec.org.br\/site\/wp-json\/wp\/v2\/categories?post=2192"},{"taxonomy":"post_tag","embeddable":true,"href":"https:\/\/anprotec.org.br\/site\/wp-json\/wp\/v2\/tags?post=2192"},{"taxonomy":"calendar","embeddable":true,"href":"https:\/\/anprotec.org.br\/site\/wp-json\/wp\/v2\/calendar?post=2192"}],"curies":[{"name":"wp","href":"https:\/\/api.w.org\/{rel}","templated":true}]}}