{"id":21798,"date":"2017-12-11T09:49:40","date_gmt":"2017-12-11T12:49:40","guid":{"rendered":"http:\/\/anprotec.org.br\/site\/?p=21798"},"modified":"2018-04-11T13:00:17","modified_gmt":"2018-04-11T16:00:17","slug":"startout-brasil-e-uma-iniciativa-importante-para-o-cenario-da-inovacao-destaca-professor-de-instituto-europeu-de-administracao-de-empresas","status":"publish","type":"post","link":"https:\/\/anprotec.org.br\/site\/2017\/12\/startout-brasil-e-uma-iniciativa-importante-para-o-cenario-da-inovacao-destaca-professor-de-instituto-europeu-de-administracao-de-empresas\/","title":{"rendered":"&#8220;StartOut Brasil \u00e9 uma iniciativa importante para o cen\u00e1rio da inova\u00e7\u00e3o&#8221;"},"content":{"rendered":"<p style=\"text-align: justify\"><strong><img decoding=\"async\" loading=\"lazy\" class=\"alignleft size-thumbnail wp-image-21799\" src=\"https:\/\/anprotec.org.br\/site\/wp-content\/uploads\/2017\/12\/StartOut_Brasil_Paris-270x160.jpg\" alt=\"StartOut_Brasil_Paris\" width=\"270\" height=\"160\" \/>Paris (8 de dezembro)<\/strong>\u00a0&#8211; O programa StartOut Brasil \u00e9 uma iniciativa importante para desenvolver o cen\u00e1rio da inova\u00e7\u00e3o no Brasil. A avalia\u00e7\u00e3o \u00e9 do professor Felipe Monteiro, do Instituto Europeu de Administra\u00e7\u00e3o de Empresas (INSEAD) que, na sexta-feira (8), conversou com os empreendedores que participam do novo programa de internacionaliza\u00e7\u00e3o de startups.<\/p>\n<p style=\"text-align: justify\">Na avalia\u00e7\u00e3o de Monteiro, as grandes empresas devem fazer um trabalho interno para compreenderem como podem trabalhar em conjunto com startups e pequenas empresas inovadoras. \u201cUm dos grandes desafios \u00e9 fazer a tradu\u00e7\u00e3o do que as grandes corpora\u00e7\u00f5es precisam e, depois, fazer o matching. E os empreendedores de startups tamb\u00e9m t\u00eam o desafio de se apresentarem a mercados que n\u00e3o sejam, aparentemente, potenciais clientes. Grandes conex\u00f5es podem surgir da\u00ed\u201d, explicou.<\/p>\n<p style=\"text-align: justify\">Segundo Monteiro, um programa como o StartOut Brasil poder\u00e1 contribuir para, nos pr\u00f3ximos anos, apresentar novas solu\u00e7\u00f5es e tecnologias desenvolvidas por brasileiros em diferentes cen\u00e1rios de inova\u00e7\u00e3o. \u201cO programa \u00e9 importante porque representa a articula\u00e7\u00e3o de esfor\u00e7os do MDIC, Minist\u00e9rio das Rela\u00e7\u00f5es Exteriores, Apex-Brasil, Sebrae e Anprotec\u201d, disse.<\/p>\n<p style=\"text-align: justify\">Como explicou o professor do INSEAD, as empresas devem trabalhar em tr\u00eas eixos para promover, de fato, solu\u00e7\u00f5es e processos inovadores: arquitetura, rotinas e cultura. \u201cCertamente, o \u00faltimo eixo \u00e9 um dos mais complicados. \u00c9 um trabalho que deve envolver a empresa inteira\u201d.<\/p>\n<p><strong>StartOut Brasil<\/strong><\/p>\n<p style=\"text-align: justify\">O StartOut Brasil selecionar\u00e1, por ciclo de imers\u00e3o, at\u00e9 15 startups com potencial de internacionaliza\u00e7\u00e3o para participar de miss\u00f5es no exterior. As empresas ter\u00e3o acesso \u00e0 consultoria especializada em internacionaliza\u00e7\u00e3o, mentoria com especialistas no mercado de destino e treinamento de pitch. Al\u00e9m disso, durante a miss\u00e3o, cumprem agenda de trabalho montada para promover a prospec\u00e7\u00e3o de clientes e investidores e a conex\u00e3o a ambientes de inova\u00e7\u00e3o. Nos \u00faltimos dias da miss\u00e3o, \u00e9 realizado um demoday para investidores. Quando retornam ao Brasil, as empresas ter\u00e3o apoio para definir sua estrat\u00e9gia de internacionaliza\u00e7\u00e3o e realizar a efetiva instala\u00e7\u00e3o no mercado-alvo (softlanding).<\/p>\n<p style=\"text-align: justify\">No ano que vem, ser\u00e3o realizadas quatro miss\u00f5es de internacionaliza\u00e7\u00e3o. Em maio, as startups brasileiras ter\u00e3o a oportunidade de conhecer o ambiente de inova\u00e7\u00e3o de Berlim. No segundo semestre, as empresas ir\u00e3o a Miami e Lisboa, em agosto e novembro.<\/p>\n<p style=\"text-align: justify\">Catorze startups participam da miss\u00e3o em Paris: Portal Telemedicina (healthtech); Molegolar (arquitetura); Sellead (interc\u00e2mbio); N2N Virtual (e-commerce); Asel Tech (IOT no setor de \u00f3leo e g\u00e1s); Aya Tech (sa\u00fade); Simbio Bag (varejo); Checkmob (gest\u00e3o de servi\u00e7o de campo); Synappse Assist (healthtech); Birmind (ind\u00fastria 4.0); Biosolvit (biotecnologia); Ergon Projetos (sustentabilidade); Noeh (moda\/sa\u00fade); e Filho sem fila (educa\u00e7\u00e3o\/seguran\u00e7a).<\/p>\n<p><em>*Fonte: Assessoria de Comunica\u00e7\u00e3o Social do MDIC\u00a0<\/em><\/p>\n","protected":false},"excerpt":{"rendered":"<p>[:pt]Diz o professor Felipe Monteiro, do INSEAD, em conversa com empreendedores que participaram do novo programa de internacionaliza\u00e7\u00e3o de startups.[:]<\/p>\n","protected":false},"author":8,"featured_media":21799,"comment_status":"open","ping_status":"open","sticky":false,"template":"","format":"standard","meta":{"footnotes":"","_links_to":"","_links_to_target":""},"categories":[3],"tags":[],"calendar":[],"_links":{"self":[{"href":"https:\/\/anprotec.org.br\/site\/wp-json\/wp\/v2\/posts\/21798"}],"collection":[{"href":"https:\/\/anprotec.org.br\/site\/wp-json\/wp\/v2\/posts"}],"about":[{"href":"https:\/\/anprotec.org.br\/site\/wp-json\/wp\/v2\/types\/post"}],"author":[{"embeddable":true,"href":"https:\/\/anprotec.org.br\/site\/wp-json\/wp\/v2\/users\/8"}],"replies":[{"embeddable":true,"href":"https:\/\/anprotec.org.br\/site\/wp-json\/wp\/v2\/comments?post=21798"}],"version-history":[{"count":3,"href":"https:\/\/anprotec.org.br\/site\/wp-json\/wp\/v2\/posts\/21798\/revisions"}],"predecessor-version":[{"id":24474,"href":"https:\/\/anprotec.org.br\/site\/wp-json\/wp\/v2\/posts\/21798\/revisions\/24474"}],"wp:featuredmedia":[{"embeddable":true,"href":"https:\/\/anprotec.org.br\/site\/wp-json\/wp\/v2\/media\/21799"}],"wp:attachment":[{"href":"https:\/\/anprotec.org.br\/site\/wp-json\/wp\/v2\/media?parent=21798"}],"wp:term":[{"taxonomy":"category","embeddable":true,"href":"https:\/\/anprotec.org.br\/site\/wp-json\/wp\/v2\/categories?post=21798"},{"taxonomy":"post_tag","embeddable":true,"href":"https:\/\/anprotec.org.br\/site\/wp-json\/wp\/v2\/tags?post=21798"},{"taxonomy":"calendar","embeddable":true,"href":"https:\/\/anprotec.org.br\/site\/wp-json\/wp\/v2\/calendar?post=21798"}],"curies":[{"name":"wp","href":"https:\/\/api.w.org\/{rel}","templated":true}]}}