{"id":21647,"date":"2017-12-01T16:10:12","date_gmt":"2017-12-01T19:10:12","guid":{"rendered":"http:\/\/anprotec.org.br\/site\/?p=21647"},"modified":"2018-04-11T13:26:01","modified_gmt":"2018-04-11T16:26:01","slug":"mre-e-mctic-promovem-seminario-sobre-diplomacia-e-inovacao-cientifica-e-tecnologica","status":"publish","type":"post","link":"https:\/\/anprotec.org.br\/site\/2017\/12\/mre-e-mctic-promovem-seminario-sobre-diplomacia-e-inovacao-cientifica-e-tecnologica\/","title":{"rendered":"MRE e MCTIC promovem Semin\u00e1rio sobre Diplomacia e Inova\u00e7\u00e3o"},"content":{"rendered":"<p style=\"text-align: justify\"><img decoding=\"async\" loading=\"lazy\" class=\"alignleft size-thumbnail wp-image-21658\" src=\"https:\/\/anprotec.org.br\/site\/wp-content\/uploads\/2017\/12\/banner_pulpito_II_seminario_sobre_diplomacia_e_inovacao_bloco_R_158x120cm-1-2-270x160.png\" alt=\"banner_pulpito_II_seminario_sobre_diplomacia_e_inovacao_bloco_R_158x120cm (1)\" width=\"270\" height=\"160\" \/>O ministro das Rela\u00e7\u00f5es Exteriores (MRE), Aloysio Nunes Ferreira, abrir\u00e1 o \u201c2\u00ba Semin\u00e1rio sobre Diplomacia e Inova\u00e7\u00e3o Cient\u00edfica e Tecnol\u00f3gica: A\u00e7\u00e3o Internacional no Brasil\u201d, ao lado do ministro da Ci\u00eancia, Tecnologia, Inova\u00e7\u00f5es e Comunica\u00e7\u00f5es (MCTIC), Gilberto Kassab, na pr\u00f3xima sexta-feira (8), \u00e0s 9h, no Audit\u00f3rio Embaixador Wladimir Murtinho, Pal\u00e1cio Itamaraty, em Bras\u00edlia.<\/p>\n<p style=\"text-align: justify\">O semin\u00e1rio ser\u00e1 dividido em quatro pain\u00e9is:<\/p>\n<p style=\"text-align: justify\">I) A\u00e7\u00e3o Internacional no Brasil: Argentina e Su\u00e9cia;<\/p>\n<p style=\"text-align: justify\">II) A\u00e7\u00e3o Internacional no Brasil: China e Canad\u00e1;<\/p>\n<p style=\"text-align: justify\">III) A\u00e7\u00e3o Internacional no Brasil: a dimens\u00e3o multilateral (UNESCO e Banco Mundial);<\/p>\n<p style=\"text-align: justify\">IV) A\u00e7\u00e3o Internacional no Brasil: O universo das startups e os Centros de Inova\u00e7\u00e3o da Dinamarca.<\/p>\n<p style=\"text-align: justify\">Cada painel contar\u00e1 com apresenta\u00e7\u00f5es de representantes dos dois minist\u00e9rios, de governos estrangeiros, e organismos internacionais. Confira a <a href=\"http:\/\/funag.gov.br\/images\/2017\/Dezembro\/II_SeminarioDiplomacia_e_Inovacao\/Programacao_final.pdf\">programa\u00e7\u00e3o completa<\/a>.<\/p>\n<p style=\"text-align: justify\"><a href=\"http:\/\/funag.gov.br\/sisev\/\">Inscreva-se<\/a>.<\/p>\n<p style=\"text-align: justify\"><em>Fonte: FUNAG<\/em><\/p>\n","protected":false},"excerpt":{"rendered":"<p>[:pt]O Semin\u00e1rio acontece na pr\u00f3xima sexta-feira (8), das 9h \u00e0s 17h, no Pal\u00e1cio do Itamaraty, em Bras\u00edlia (DF). Ser\u00e3o realizados quatro pain\u00e9is.[:]<\/p>\n","protected":false},"author":8,"featured_media":21657,"comment_status":"open","ping_status":"open","sticky":false,"template":"","format":"standard","meta":{"footnotes":"","_links_to":"","_links_to_target":""},"categories":[3],"tags":[33,32,31],"calendar":[],"_links":{"self":[{"href":"https:\/\/anprotec.org.br\/site\/wp-json\/wp\/v2\/posts\/21647"}],"collection":[{"href":"https:\/\/anprotec.org.br\/site\/wp-json\/wp\/v2\/posts"}],"about":[{"href":"https:\/\/anprotec.org.br\/site\/wp-json\/wp\/v2\/types\/post"}],"author":[{"embeddable":true,"href":"https:\/\/anprotec.org.br\/site\/wp-json\/wp\/v2\/users\/8"}],"replies":[{"embeddable":true,"href":"https:\/\/anprotec.org.br\/site\/wp-json\/wp\/v2\/comments?post=21647"}],"version-history":[{"count":3,"href":"https:\/\/anprotec.org.br\/site\/wp-json\/wp\/v2\/posts\/21647\/revisions"}],"predecessor-version":[{"id":21660,"href":"https:\/\/anprotec.org.br\/site\/wp-json\/wp\/v2\/posts\/21647\/revisions\/21660"}],"wp:featuredmedia":[{"embeddable":true,"href":"https:\/\/anprotec.org.br\/site\/wp-json\/wp\/v2\/media\/21657"}],"wp:attachment":[{"href":"https:\/\/anprotec.org.br\/site\/wp-json\/wp\/v2\/media?parent=21647"}],"wp:term":[{"taxonomy":"category","embeddable":true,"href":"https:\/\/anprotec.org.br\/site\/wp-json\/wp\/v2\/categories?post=21647"},{"taxonomy":"post_tag","embeddable":true,"href":"https:\/\/anprotec.org.br\/site\/wp-json\/wp\/v2\/tags?post=21647"},{"taxonomy":"calendar","embeddable":true,"href":"https:\/\/anprotec.org.br\/site\/wp-json\/wp\/v2\/calendar?post=21647"}],"curies":[{"name":"wp","href":"https:\/\/api.w.org\/{rel}","templated":true}]}}