{"id":21502,"date":"2017-11-23T11:01:34","date_gmt":"2017-11-23T14:01:34","guid":{"rendered":"http:\/\/anprotec.org.br\/site\/?p=21502"},"modified":"2018-04-11T13:35:32","modified_gmt":"2018-04-11T16:35:32","slug":"ministro-anuncia-liberacao-de-r-350-milhoes-do-orcamento-para-ciencia","status":"publish","type":"post","link":"https:\/\/anprotec.org.br\/site\/2017\/11\/ministro-anuncia-liberacao-de-r-350-milhoes-do-orcamento-para-ciencia\/","title":{"rendered":"Ministro anuncia a libera\u00e7\u00e3o de R$ 350 milh\u00f5es do or\u00e7amento para ci\u00eancia"},"content":{"rendered":"<div style=\"width: 280px\" class=\"wp-caption alignleft\"><img decoding=\"async\" loading=\"lazy\" class=\"alignleft size-thumbnail wp-image-21503\" src=\"https:\/\/anprotec.org.br\/site\/wp-content\/uploads\/2017\/11\/Ministro_participa_da_reuniao_do_Consecti_em_Brasilia-270x160.jpg\" alt=\"Ministro_participa_da_reuniao_do_Consecti_em_Brasilia\" width=\"270\" height=\"160\" \/><p class=\"wp-caption-text\"><br \/> <em>Ministro Gilberto Kassab anuncia libera\u00e7\u00e3o de recursos para ci\u00eancia durante reuni\u00e3o do Consecti. Fonte: Ascom\/MCTIC<\/em><\/p><\/div>\n<p style=\"text-align: justify\">O ministro da Ci\u00eancia, Tecnologia, Inova\u00e7\u00f5es e Comunica\u00e7\u00f5es, Gilberto Kassab, anunciou a libera\u00e7\u00e3o, ainda nesta semana, de mais R$ 300 milh\u00f5es do or\u00e7amento para 2017 e outros R$ 50 milh\u00f5es do Programa de Acelera\u00e7\u00e3o do Crescimento (PAC). \u201cIsso \u00e9 resultado de um trabalho de voc\u00eas, junto conosco, e tem sido fundamental essa mobiliza\u00e7\u00e3o\u201d, afirmou Kassab durante a abertura do F\u00f3rum do Conselho Nacional de Secret\u00e1rios Estaduais para Assuntos de Ci\u00eancia, Tecnologia e Inova\u00e7\u00e3o (Consecti), em Bras\u00edlia.<\/p>\n<p style=\"text-align: justify\">Com o repasse, o MCTIC ainda ter\u00e1 R$ 1 bilh\u00e3o do or\u00e7amento contingenciado, mas a expectativa, segundo o ministro, \u00e9 que ocorra uma nova libera\u00e7\u00e3o de recursos at\u00e9 o fim do ano, reduzindo o d\u00e9ficit para R$ 500 milh\u00f5es.<\/p>\n<p style=\"text-align: justify\">Kassab tamb\u00e9m revelou que apresentou uma proposta ao l\u00edder do governo no Congresso, senador Romero Juc\u00e1, para restabelecer o or\u00e7amento do MCTIC em 2018 para o mesmo valor de 2017. Atualmente, a previs\u00e3o de or\u00e7amento do MCTIC para o pr\u00f3ximo ano \u00e9 de R$ 3,9 bilh\u00f5es. Com a mudan\u00e7a, aumentaria para R$ 5,1 bilh\u00f5es.<\/p>\n<p style=\"text-align: justify\">De acordo com o ministro, a proposta de recupera\u00e7\u00e3o do or\u00e7amento prev\u00ea, num primeiro momento, o contingenciamento de parte do valor previsto e a libera\u00e7\u00e3o de recursos ao longo do ano. \u201cO or\u00e7amento de 2018 n\u00e3o est\u00e1 perdido. \u00c0 medida que a economia vem tendo uma recupera\u00e7\u00e3o, a cada ano ser\u00e1 mais f\u00e1cil adquirir estabilidade.\u201d<\/p>\n<p style=\"text-align: justify\">Kassab pediu empenho aos integrantes do setor de ci\u00eancia e tecnologia para atuar junto ao Congresso Nacional em defesa da recomposi\u00e7\u00e3o do or\u00e7amento.<\/p>\n<p style=\"text-align: justify\">O presidente da Sociedade Brasileira para o Progresso da Ci\u00eancia (SBPC), Ildeu de Castro Moreira, refor\u00e7ou a import\u00e2ncia da mobiliza\u00e7\u00e3o da comunidade cient\u00edfica no atual momento. \u201cA atua\u00e7\u00e3o das entidades no Congresso faz diferen\u00e7a para recuperar recursos e tamb\u00e9m para influenciar no or\u00e7amento de 2018. N\u00e3o podemos abrir m\u00e3o de pressionar os parlamentares. As coisas mudam e podem come\u00e7ar a melhorar.\u201d<\/p>\n<p style=\"text-align: justify\">Para o presidente da Academia Brasileira de Ci\u00eancias (ABC), Luiz Davidovich, a recomposi\u00e7\u00e3o do or\u00e7amento de 2018 \u00e9 fundamental para impedir que v\u00e1rias institui\u00e7\u00f5es de pesquisa fiquem em situa\u00e7\u00e3o dr\u00e1stica. Segundo ele, representantes da comunidade cient\u00edfica t\u00eam participado de v\u00e1rias reuni\u00f5es com congressistas para garantir recursos para a pesquisa. \u201cSe o corte na proposta or\u00e7ament\u00e1ria para o pr\u00f3ximo ano vingar, o preju\u00edzo ser\u00e1 enorme. \u00c9 como uma guerra. E tamb\u00e9m acaba com o protagonismo internacional do Brasil.\u201d<\/p>\n<p style=\"text-align: justify\">Para a presidente do Consecti, Francilene Garcia, o corte no or\u00e7amento da ci\u00eancia tem consequ\u00eancia imediata nos estados. \u201cGrande parte das a\u00e7\u00f5es executadas nos estados tem um direto espelhamento nas a\u00e7\u00f5es e programas das ag\u00eancias do minist\u00e9rio.\u201d<\/p>\n<p style=\"text-align: justify\">Segundo ela, v\u00e1rios estados j\u00e1 est\u00e3o reformulando as pastas ligadas ao setor de ci\u00eancia e tecnologia, algumas delas, inclusive, sendo extintas. \u201cA Agenda Brasil passa por investimentos nessa \u00e1rea. \u00c9 preciso que o pa\u00eds entenda que, para avan\u00e7ar como na\u00e7\u00e3o, n\u00e3o d\u00e1 para descartar os investimentos em ci\u00eancia, tecnologia e inova\u00e7\u00e3o.\u201d<\/p>\n<p style=\"text-align: justify\">Francilene Garcia tamb\u00e9m pediu o empenho do minist\u00e9rio na promulga\u00e7\u00e3o do novo Marco Legal de Ci\u00eancia, Tecnologia e Inova\u00e7\u00e3o, com a publica\u00e7\u00e3o do decreto de regulamenta\u00e7\u00e3o.<\/p>\n<p style=\"text-align: justify\"><em>*Fonte: Ascom MCTIC<\/em><\/p>\n","protected":false},"excerpt":{"rendered":"<p>[:pt]Segundo o ministro, o MCTIC ainda ter\u00e1 R$ 1 bilh\u00e3o do or\u00e7amento contingenciado, mas a expectativa, \u00e9 que ocorra uma nova libera\u00e7\u00e3o ainda este ano.[:]<\/p>\n","protected":false},"author":8,"featured_media":21503,"comment_status":"open","ping_status":"open","sticky":false,"template":"","format":"standard","meta":{"footnotes":"","_links_to":"","_links_to_target":""},"categories":[3],"tags":[],"calendar":[],"_links":{"self":[{"href":"https:\/\/anprotec.org.br\/site\/wp-json\/wp\/v2\/posts\/21502"}],"collection":[{"href":"https:\/\/anprotec.org.br\/site\/wp-json\/wp\/v2\/posts"}],"about":[{"href":"https:\/\/anprotec.org.br\/site\/wp-json\/wp\/v2\/types\/post"}],"author":[{"embeddable":true,"href":"https:\/\/anprotec.org.br\/site\/wp-json\/wp\/v2\/users\/8"}],"replies":[{"embeddable":true,"href":"https:\/\/anprotec.org.br\/site\/wp-json\/wp\/v2\/comments?post=21502"}],"version-history":[{"count":3,"href":"https:\/\/anprotec.org.br\/site\/wp-json\/wp\/v2\/posts\/21502\/revisions"}],"predecessor-version":[{"id":24559,"href":"https:\/\/anprotec.org.br\/site\/wp-json\/wp\/v2\/posts\/21502\/revisions\/24559"}],"wp:featuredmedia":[{"embeddable":true,"href":"https:\/\/anprotec.org.br\/site\/wp-json\/wp\/v2\/media\/21503"}],"wp:attachment":[{"href":"https:\/\/anprotec.org.br\/site\/wp-json\/wp\/v2\/media?parent=21502"}],"wp:term":[{"taxonomy":"category","embeddable":true,"href":"https:\/\/anprotec.org.br\/site\/wp-json\/wp\/v2\/categories?post=21502"},{"taxonomy":"post_tag","embeddable":true,"href":"https:\/\/anprotec.org.br\/site\/wp-json\/wp\/v2\/tags?post=21502"},{"taxonomy":"calendar","embeddable":true,"href":"https:\/\/anprotec.org.br\/site\/wp-json\/wp\/v2\/calendar?post=21502"}],"curies":[{"name":"wp","href":"https:\/\/api.w.org\/{rel}","templated":true}]}}