{"id":21495,"date":"2017-11-22T17:22:01","date_gmt":"2017-11-22T20:22:01","guid":{"rendered":"http:\/\/anprotec.org.br\/site\/?p=21495"},"modified":"2018-04-11T13:35:42","modified_gmt":"2018-04-11T16:35:42","slug":"apex-brasil-organiza-missao-para-o-sxsw-south-by-southwest-nos-eua","status":"publish","type":"post","link":"https:\/\/anprotec.org.br\/site\/2017\/11\/apex-brasil-organiza-missao-para-o-sxsw-south-by-southwest-nos-eua\/","title":{"rendered":"Apex-Brasil organiza miss\u00e3o para o SXSW &#8211; South by Southwest nos EUA"},"content":{"rendered":"<p style=\"text-align: justify\"><img decoding=\"async\" loading=\"lazy\" class=\"alignleft size-thumbnail wp-image-21496\" src=\"https:\/\/anprotec.org.br\/site\/wp-content\/uploads\/2017\/11\/SXSW-logo-2017-270x160.png\" alt=\"SXSW\" width=\"270\" height=\"160\" srcset=\"https:\/\/anprotec.org.br\/site\/wp-content\/uploads\/2017\/11\/SXSW-logo-2017-270x160.png 270w, https:\/\/anprotec.org.br\/site\/wp-content\/uploads\/2017\/11\/SXSW-logo-2017-300x178.png 300w, https:\/\/anprotec.org.br\/site\/wp-content\/uploads\/2017\/11\/SXSW-logo-2017.png 608w\" sizes=\"(max-width: 270px) 100vw, 270px\" \/>Com apoio da Anprotec, a Apex-Brasil abre as inscri\u00e7\u00f5es para empreendedores e empresas participarem do SXSW 2018 (South by Southwest), um dos mais importantes eventos de tecnologia e economia criativa do mundo que acontecer\u00e1 em Austin, Texas do dia 09 ao dia 18 de mar\u00e7o de 2018.<\/p>\n<p style=\"text-align: justify\">A iniciativa da Apex acontece j\u00e1 h\u00e1 cinco anos e, para este ano, a ag\u00eancia preparou uma programa\u00e7\u00e3o exclusiva para os grupos brasileiros com as atividades mais interessantes que acontecer\u00e3o na feira que atende diversos setores, desde moda, alimentos e bebidas at\u00e9 sa\u00fade, tecnologia e audiovisual.<\/p>\n<p style=\"text-align: justify\">O evento j\u00e1 foi palco para o lan\u00e7amento de aplicativos como Twitter, Foursquare, Uber e AirBnB. Em 2017, a edi\u00e7\u00e3o contou com 421.900 participantes diretos e indiretos, e mais de 2.128 pain\u00e9is. O Brasil levou a 2\u00aa maior delega\u00e7\u00e3o internacional, ficando atr\u00e1s apenas do Reino Unido. Veja como foi o projeto Apex-Brasil na SXSW este ano no <a href=\"https:\/\/www.youtube.com\/playlist?list=PLZzdqjoEAfJX_r5Ag0RHjcTPqOuFcuVoG\" target=\"_blank\" rel=\"noopener\">v\u00eddeo<\/a>.<\/p>\n<p style=\"text-align: justify\">Uma das grandes novidades da Apex-Brasil para a pr\u00f3xima edi\u00e7\u00e3o \u00e9 o oferecimento de quatro pacotes diferentes, pensados para se adequar \u00e0 maturidade e objetivos de cada empresa\/ empreendedor. O aprimoramento dessas plataformas de neg\u00f3cios serve para que os participantes possam realizar mais networking, fechar parcerias e neg\u00f3cios internacionais, capitanear investimento e tamb\u00e9m promover a imagem brasileira no mercado internacional.<\/p>\n<p style=\"text-align: left\">Para saber mais sobre o festival acesse o <a href=\"https:\/\/www.youtube.com\/watch?v=2OQZfjHn6m8&amp;list=PLXs_3rGeYdIne_BvXZUtoGQb4eTirD90M&amp;index=5\" target=\"_blank\" rel=\"noopener\">v\u00eddeo<\/a>.<\/p>\n<p style=\"text-align: left\">Se inscreva para participar com a Apex-Brasil atrav\u00e9s do <a href=\"https:\/\/form.jotformz.com\/72896334891673\" target=\"_blank\" rel=\"noopener\">link<\/a> e para saber as condi\u00e7\u00f5es de participa\u00e7\u00e3o, acesse o <a href=\"http:\/\/arq.apexbrasil.com.br\/emails\/SXSW\/2018\/03\/condicao.pdf\" target=\"_blank\" rel=\"noopener\">arquivo<\/a>.<\/p>\n","protected":false},"excerpt":{"rendered":"<p>[:pt]Com apoio da Anprotec, iniciativa incentiva empreendedores e empresas a de um dos mais importantes eventos de tecnologia e economia criativa do mundo.[:]<\/p>\n","protected":false},"author":8,"featured_media":21496,"comment_status":"open","ping_status":"open","sticky":false,"template":"","format":"standard","meta":{"footnotes":"","_links_to":"","_links_to_target":""},"categories":[3],"tags":[],"calendar":[],"_links":{"self":[{"href":"https:\/\/anprotec.org.br\/site\/wp-json\/wp\/v2\/posts\/21495"}],"collection":[{"href":"https:\/\/anprotec.org.br\/site\/wp-json\/wp\/v2\/posts"}],"about":[{"href":"https:\/\/anprotec.org.br\/site\/wp-json\/wp\/v2\/types\/post"}],"author":[{"embeddable":true,"href":"https:\/\/anprotec.org.br\/site\/wp-json\/wp\/v2\/users\/8"}],"replies":[{"embeddable":true,"href":"https:\/\/anprotec.org.br\/site\/wp-json\/wp\/v2\/comments?post=21495"}],"version-history":[{"count":3,"href":"https:\/\/anprotec.org.br\/site\/wp-json\/wp\/v2\/posts\/21495\/revisions"}],"predecessor-version":[{"id":24561,"href":"https:\/\/anprotec.org.br\/site\/wp-json\/wp\/v2\/posts\/21495\/revisions\/24561"}],"wp:featuredmedia":[{"embeddable":true,"href":"https:\/\/anprotec.org.br\/site\/wp-json\/wp\/v2\/media\/21496"}],"wp:attachment":[{"href":"https:\/\/anprotec.org.br\/site\/wp-json\/wp\/v2\/media?parent=21495"}],"wp:term":[{"taxonomy":"category","embeddable":true,"href":"https:\/\/anprotec.org.br\/site\/wp-json\/wp\/v2\/categories?post=21495"},{"taxonomy":"post_tag","embeddable":true,"href":"https:\/\/anprotec.org.br\/site\/wp-json\/wp\/v2\/tags?post=21495"},{"taxonomy":"calendar","embeddable":true,"href":"https:\/\/anprotec.org.br\/site\/wp-json\/wp\/v2\/calendar?post=21495"}],"curies":[{"name":"wp","href":"https:\/\/api.w.org\/{rel}","templated":true}]}}