{"id":21488,"date":"2017-11-22T16:51:45","date_gmt":"2017-11-22T19:51:45","guid":{"rendered":"http:\/\/anprotec.org.br\/site\/?p=21488"},"modified":"2018-04-11T13:35:53","modified_gmt":"2018-04-11T16:35:53","slug":"programa-startout-brasil-sera-lancado-em-sao-paulo-nesta-sexta-24","status":"publish","type":"post","link":"https:\/\/anprotec.org.br\/site\/2017\/11\/programa-startout-brasil-sera-lancado-em-sao-paulo-nesta-sexta-24\/","title":{"rendered":"Programa StartOut Brasil ser\u00e1 lan\u00e7ado em S\u00e3o Paulo nesta sexta 24\/11"},"content":{"rendered":"<p style=\"text-align: justify\"><img decoding=\"async\" loading=\"lazy\" class=\"alignleft size-thumbnail wp-image-21489\" src=\"https:\/\/anprotec.org.br\/site\/wp-content\/uploads\/2017\/11\/Startout-Brasil-270x160.jpg\" alt=\"Startout Brasil\" width=\"270\" height=\"160\" srcset=\"https:\/\/anprotec.org.br\/site\/wp-content\/uploads\/2017\/11\/Startout-Brasil-270x160.jpg 270w, https:\/\/anprotec.org.br\/site\/wp-content\/uploads\/2017\/11\/Startout-Brasil-300x178.jpg 300w, https:\/\/anprotec.org.br\/site\/wp-content\/uploads\/2017\/11\/Startout-Brasil-768x455.jpg 768w, https:\/\/anprotec.org.br\/site\/wp-content\/uploads\/2017\/11\/Startout-Brasil-1024x607.jpg 1024w, https:\/\/anprotec.org.br\/site\/wp-content\/uploads\/2017\/11\/Startout-Brasil.jpg 1215w\" sizes=\"(max-width: 270px) 100vw, 270px\" \/>O StartOut Brasil \u00e9 um programa de apoio \u00e0 inser\u00e7\u00e3o de startups brasileiras em ecossistemas de inova\u00e7\u00e3o promissores e favor\u00e1veis de todo o mundo, atrav\u00e9s de ciclos de imers\u00e3o, com 15 startups selecionadas em cada. A iniciativa \u00e9 uma realiza\u00e7\u00e3o conjunta da Anprotec, do Sebrae, da Apex Brasil e dos Minist\u00e9rios das Rela\u00e7\u00f5es Exteriores e da Ind\u00fastria, Com\u00e9rcio Exterior e Servi\u00e7os.<\/p>\n<p style=\"text-align: justify\">A startups selecionadas ter\u00e3o acesso a consultoria especializada em internacionaliza\u00e7\u00e3o, treinamento de pitch, mentoria com especialistas no mercado de destino, participa\u00e7\u00e3o em miss\u00e3o com visitas a empresas locais, incubadoras e aceleradoras, reuni\u00f5es, encontros para investidores, e, tamb\u00e9m, apoio p\u00f3s-miss\u00e3o para defini\u00e7\u00e3o de estrat\u00e9gia de internacionaliza\u00e7\u00e3o ou softlanding.<\/p>\n<p style=\"text-align: justify\">O programa promete ser o incentivo que faltava para startups tornarem seus respectivos neg\u00f3cios em neg\u00f3cios globais, atrav\u00e9s do compartilhamento de experi\u00eancias de pessoas que j\u00e1 participaram de programas de imers\u00e3o internacional, benef\u00edcios exclusivos oferecidos pelo StartOut Brasil, al\u00e9m do enriquecimento de network.<\/p>\n<p style=\"text-align: justify\">O evento contar\u00e1 com dois pain\u00e9is, um caso de internacionaliza\u00e7\u00e3o e um keynote speaker.<\/p>\n<p style=\"text-align: justify\">O primeiro painel ter\u00e1 como tema \u201cO Programa Brasileiro de Apoio \u00e0 internacionaliza\u00e7\u00e3o de Startups Startout Brasil\u201d, Geraldo Santos (diretor geral da Startupi) como moderador, e como convidados Jos\u00e9 Alberto Sampaio Aranha (vice-presidente da Anprotec), o embaixador Benedicto Fonseca Filho (diretor do departamento de temas cient\u00edficos e tecnol\u00f3gicos do MRE), Heloisa Menezes (diretora t\u00e9cnica do SEBRAE), Marcos Vinicius de Souza (secret\u00e1rio de inova\u00e7\u00e3o e novos neg\u00f3cios do MDIC) e o embaixador Roberto Jaguaribe (presidente da Apex-Brasil).<\/p>\n<p style=\"text-align: justify\">J\u00e1 segundo painel, \u201cA Experi\u00eancia de Imers\u00e3o em Mercados Internacionais\u201d, ter\u00e1 como moderador Rafael Ribeiro (diretor executivo da ABStartups) e como convidados Billy Nascimento (Co-CEO da Forebrain), que falar\u00e1 acerca do Caso UK, Daniel Melo (CEO da Medlogic), que abordar\u00e1 o Caso Argentina, e Rafael Fiqueroa (CEO do Portal Telemedicina), para falar sobre o Caso Fran\u00e7a.<\/p>\n<p style=\"text-align: justify\">Encerrando o evento, o caso de internacionaliza\u00e7\u00e3o ser\u00e1 apresentado por Tom\u00e1s Duarte (CEO TrackSale) e o keynote speaker, com tema \u201cPor que ousar ser global?\u201d, por Priscila Carneiro (legal counsel da Ifood).<\/p>\n<p style=\"text-align: justify\">Servi\u00e7o:<\/p>\n<p style=\"text-align: justify\">O lan\u00e7amento do Startout Brasil acontece no CO.W Berrini, localizado \u00e0 Rua Jaceru, 225 \u2013 Brooklin, S\u00e3o Paulo, das 9h \u00e0s 12h.<\/p>\n<p style=\"text-align: justify\">Para realiza\u00e7\u00e3o da pr\u00e9-inscri\u00e7\u00e3o, acesse: <a href=\"http:\/\/arq.apexbrasil.com.br\/emails\/startout\/0\">http:\/\/arq.apexbrasil.com.br\/emails\/startout\/0<\/a><\/p>\n<p style=\"text-align: justify\">Para mais informa\u00e7\u00f5es, acesse o site do programa: <a href=\"http:\/\/www.startoutbrasil.com.br\">http:\/\/www.startoutbrasil.com.br<\/a><\/p>\n","protected":false},"excerpt":{"rendered":"<p>[:pt]A iniciativa \u00e9 uma parceria da Anprotec, do Sebrae, da Apex Brasil e dos Minist\u00e9rios das Rela\u00e7\u00f5es Exteriores e da Ind\u00fastria, Com\u00e9rcio Exterior e Servi\u00e7os.[:]<\/p>\n","protected":false},"author":8,"featured_media":21489,"comment_status":"open","ping_status":"open","sticky":false,"template":"","format":"standard","meta":{"footnotes":"","_links_to":"","_links_to_target":""},"categories":[3],"tags":[],"calendar":[],"_links":{"self":[{"href":"https:\/\/anprotec.org.br\/site\/wp-json\/wp\/v2\/posts\/21488"}],"collection":[{"href":"https:\/\/anprotec.org.br\/site\/wp-json\/wp\/v2\/posts"}],"about":[{"href":"https:\/\/anprotec.org.br\/site\/wp-json\/wp\/v2\/types\/post"}],"author":[{"embeddable":true,"href":"https:\/\/anprotec.org.br\/site\/wp-json\/wp\/v2\/users\/8"}],"replies":[{"embeddable":true,"href":"https:\/\/anprotec.org.br\/site\/wp-json\/wp\/v2\/comments?post=21488"}],"version-history":[{"count":2,"href":"https:\/\/anprotec.org.br\/site\/wp-json\/wp\/v2\/posts\/21488\/revisions"}],"predecessor-version":[{"id":24562,"href":"https:\/\/anprotec.org.br\/site\/wp-json\/wp\/v2\/posts\/21488\/revisions\/24562"}],"wp:featuredmedia":[{"embeddable":true,"href":"https:\/\/anprotec.org.br\/site\/wp-json\/wp\/v2\/media\/21489"}],"wp:attachment":[{"href":"https:\/\/anprotec.org.br\/site\/wp-json\/wp\/v2\/media?parent=21488"}],"wp:term":[{"taxonomy":"category","embeddable":true,"href":"https:\/\/anprotec.org.br\/site\/wp-json\/wp\/v2\/categories?post=21488"},{"taxonomy":"post_tag","embeddable":true,"href":"https:\/\/anprotec.org.br\/site\/wp-json\/wp\/v2\/tags?post=21488"},{"taxonomy":"calendar","embeddable":true,"href":"https:\/\/anprotec.org.br\/site\/wp-json\/wp\/v2\/calendar?post=21488"}],"curies":[{"name":"wp","href":"https:\/\/api.w.org\/{rel}","templated":true}]}}