{"id":21364,"date":"2017-11-16T16:35:09","date_gmt":"2017-11-16T19:35:09","guid":{"rendered":"http:\/\/anprotec.org.br\/site\/?p=21364"},"modified":"2017-11-16T16:35:58","modified_gmt":"2017-11-16T19:35:58","slug":"reuniao-do-cerne-debate-estrategias-de-incubadoras-em-negocios-de-impacto","status":"publish","type":"post","link":"https:\/\/anprotec.org.br\/site\/2017\/11\/reuniao-do-cerne-debate-estrategias-de-incubadoras-em-negocios-de-impacto\/","title":{"rendered":"[:pt]Reuni\u00e3o do Cerne debate estrat\u00e9gias de incubadoras em neg\u00f3cios de impacto[:]"},"content":{"rendered":"<p>[:pt]<\/p>\n<p style=\"text-align: justify\"><img decoding=\"async\" loading=\"lazy\" class=\"alignleft size-thumbnail wp-image-21290\" src=\"https:\/\/anprotec.org.br\/site\/wp-content\/uploads\/2017\/11\/Captura-de-Tela-2017-11-08-\u00e0s-21.08.32-270x160.png\" alt=\"Captura de Tela 2017-11-08 \u00e0s 21.08.32\" width=\"270\" height=\"160\" \/>Aconteceu, na \u00faltima sexta-feira (10), a reuni\u00e3o do Centro de Refer\u00eancia para Apoio a Novos Empreendimentos (Cerne), realizada em formato de atividades com representantes da Anprotec, Arca Multincubadora, Santos Dumont, Aceleradora MGTI, IEITEC, ITCG, Techmall, Sebrae Nacional, ICE e ICB. O encontro teve como objetivo avaliar, debater estrat\u00e9gias e gerar sugest\u00f5es acerca de como incluir o segmento de neg\u00f3cios de impacto dentro da metodologia do Cerne.<\/p>\n<p style=\"text-align: justify\">Durante a reuni\u00e3o, o modelo Cerne foi amplamente debatido, inclusive sendo levantada a possibilidade de um modelo espec\u00edfico para neg\u00f3cios de impacto, que poderia ser chamado, por exemplo, de Cerne de Impacto. Essa iniciativa estaria alinhada tamb\u00e9m com a crescente valoriza\u00e7\u00e3o desse tipo de empreendimento.<\/p>\n<p style=\"text-align: justify\">\u201c\u00c9 fundamental para o movimento de incubadoras e aceleradoras do pa\u00eds a gente incluir a quest\u00e3o do impacto social e ambiental, e, a melhor forma disso, \u00e9 traz\u00ea-lo para o Cerne\u201d, afirma o analista do Sebrae, Krishna Aum da Faria, presente na reuni\u00e3o. \u201cHoje, \u00e9 o pontap\u00e9 inicial do Sebrae, do ICE e da Anprotec para que a gente possa fazer uma grande e profunda reflex\u00e3o sobre como a quest\u00e3o do impacto social pode permear o Cerne e como o Cerne pode contribuir para que, cada vez mais, o movimento de empreendedorismo inovador no Brasil atue de maneira consistente dentro dessa agenda de impacto social\u201d, finaliza.<\/p>\n<p style=\"text-align: justify\">Para a presidente do IEITEC, Ros\u00e2ngela Alves, \u201cest\u00e1 sendo muito gratificante estarmos hoje, junto a outros gestores e pessoas que se juntaram ao grupo, com o processo de como enquadrar o programa de neg\u00f3cios de impacto junto ao processo Cerne\u201d. \u201cN\u00f3s, do IEITEC, j\u00e1 come\u00e7amos a colocar dentro do nosso planejamento os neg\u00f3cios de impacto, e o mais significativo \u00e9 que est\u00e1 sendo constru\u00eddo, a v\u00e1rias m\u00e3os, e dada a import\u00e2ncia para esses neg\u00f3cios de impacto social e ambiental\u201d, completa.<\/p>\n<p style=\"text-align: justify\">O Cerne foi, para essas incubadoras presentes, um fator muito importante para seus desenvolvimentos, como afirma o presidente da Arca Incubadora, Nicolau Priante Filho: \u201cesse acolhimento que percebamos da nossa forma de atuar est\u00e1 sendo muito importante para n\u00f3s\u201d, conta. \u201cNosso acompanhamento de empreendimentos de base social foi qualificado, aumentando, assim, as possibilidades de n\u00f3s interferirmos, inclusive, nos empreendimentos de base tecnol\u00f3gica\u201d, conclui.<\/p>\n<p style=\"text-align: justify\">No Brasil, o tema neg\u00f3cios de impacto surgiu com for\u00e7a nos anos 2000 e, a partir de 2012, passou a ter intenso apoio do Sebrae. Na sequ\u00eancia, viu-se o movimento de aproxima\u00e7\u00e3o entre incubadoras em prol do movimento de impacto social, seguido pela cria\u00e7\u00e3o do Programa de Incuba\u00e7\u00e3o e Acelera\u00e7\u00e3o de Impacto em 2015, originalmente liderado pelo ICE. Em 2017, o programa passou a ser organizado pela Anprotec. Desde que foi institu\u00eddo, o Programa j\u00e1 qualificou 45 incubadoras.<\/p>\n<p style=\"text-align: justify\">Para mais detalhes sobre o Programa, acesse: <a href=\"http:\/\/www.anprotec.org.br\/negociosdeimpacto\/\">www.anprotec.org.br\/negociosdeimpacto\/<\/a><\/p>\n<p>[:]<\/p>\n","protected":false},"excerpt":{"rendered":"<p>[:pt]Estiveram presentes representantes da Arca Multincubadora, Santos Dumont, Aceleradora MGTI, IEITEC, ITCG, Techmall, Sebrae Nacional, ICE e ICB.[:]<\/p>\n","protected":false},"author":8,"featured_media":21290,"comment_status":"open","ping_status":"open","sticky":false,"template":"","format":"standard","meta":{"footnotes":"","_links_to":"","_links_to_target":""},"categories":[3],"tags":[],"calendar":[],"_links":{"self":[{"href":"https:\/\/anprotec.org.br\/site\/wp-json\/wp\/v2\/posts\/21364"}],"collection":[{"href":"https:\/\/anprotec.org.br\/site\/wp-json\/wp\/v2\/posts"}],"about":[{"href":"https:\/\/anprotec.org.br\/site\/wp-json\/wp\/v2\/types\/post"}],"author":[{"embeddable":true,"href":"https:\/\/anprotec.org.br\/site\/wp-json\/wp\/v2\/users\/8"}],"replies":[{"embeddable":true,"href":"https:\/\/anprotec.org.br\/site\/wp-json\/wp\/v2\/comments?post=21364"}],"version-history":[{"count":3,"href":"https:\/\/anprotec.org.br\/site\/wp-json\/wp\/v2\/posts\/21364\/revisions"}],"predecessor-version":[{"id":21377,"href":"https:\/\/anprotec.org.br\/site\/wp-json\/wp\/v2\/posts\/21364\/revisions\/21377"}],"wp:featuredmedia":[{"embeddable":true,"href":"https:\/\/anprotec.org.br\/site\/wp-json\/wp\/v2\/media\/21290"}],"wp:attachment":[{"href":"https:\/\/anprotec.org.br\/site\/wp-json\/wp\/v2\/media?parent=21364"}],"wp:term":[{"taxonomy":"category","embeddable":true,"href":"https:\/\/anprotec.org.br\/site\/wp-json\/wp\/v2\/categories?post=21364"},{"taxonomy":"post_tag","embeddable":true,"href":"https:\/\/anprotec.org.br\/site\/wp-json\/wp\/v2\/tags?post=21364"},{"taxonomy":"calendar","embeddable":true,"href":"https:\/\/anprotec.org.br\/site\/wp-json\/wp\/v2\/calendar?post=21364"}],"curies":[{"name":"wp","href":"https:\/\/api.w.org\/{rel}","templated":true}]}}